{"id":1808,"date":"2020-02-03T09:53:11","date_gmt":"2020-02-03T09:53:11","guid":{"rendered":"http:\/\/wolfgangepplenaturschutzundethik.de\/?p=1808"},"modified":"2020-05-07T10:03:34","modified_gmt":"2020-05-07T10:03:34","slug":"17-januar-2020-die-abwegige-arithmetik-des-volker-quaschning-zu-den-buschfeuern-in-australien","status":"publish","type":"post","link":"https:\/\/wolfgangepplenaturschutzundethik.de\/?p=1808","title":{"rendered":"17. Januar 2020: Die abwegige Arithmetik des Volker Quaschning zu den Buschfeuern in Australien"},"content":{"rendered":"\n<h2 class=\"wp-block-heading\"><\/h2>\n\n\n\n<p><a href=\"https:\/\/www.volker-quaschning.de\/index.php\">Volker Quaschning<\/a>, Ingenieurwissenschaftler und Professor f\u00fcr Regenerative Energiesysteme an der Hochschule f\u00fcr Technik und Wirtschaft in Berlin, tut sich seit Jahren mit naturvergessenen Forderungen zum Ausbau erneuerbarer Energien hervor, die er auch im Stil eines Volkstribunen in den Stra\u00dfen-Protest von &#8222;Fridays for Future&#8220; hineintr\u00e4gt. (W\u00fcrdigung der Folgen einiger seiner Aussagen finden Sie\u00a0<a href=\"https:\/\/www.naturschutz-initiative.de\/images\/PDF2019\/ESSAY-EPPLE-WOLFGANG.pdf\">hier<\/a>; Literaturzitat s.u.). <\/p>\n\n\n\n<p>Am 08. Januar 2020 meldete er sich \u00fcber Twitter zu den Buschfeuern in Australien zu Wort:<\/p>\n\n\n\n<figure class=\"wp-block-image\"><img decoding=\"async\" src=\"http:\/\/wolfgangepplenaturschutzundethik.de\/wp-content\/uploads\/2020\/01\/Bildschirmfoto-2020-01-17-um-09.46.14-1024x844.png\" alt=\"Dieses Bild hat ein leeres Alt-Attribut. Der Dateiname ist Bildschirmfoto-2020-01-17-um-09.46.14-1024x844.png\"\/><\/figure>\n\n\n\n<p>Wie in der <a href=\"https:\/\/www.tagesschau.de\/multimedia\/video\/video-598523.html\">Hassrede Greta Thunbergs vor den UN<\/a> wird aus Modellen und Berechnungen Anschuldigung-Gewissheit. Die Arithmetik des Volker Quaschning ist so falsch und primitiv, dass sie als Un-Arithmetik des Monats in die Geschichte des Diskurses um Artensterben und Klimawandel eingehen kann.<\/p>\n\n\n\n<figure class=\"wp-block-image\"><img decoding=\"async\" src=\"https:\/\/cdn.pixabay.com\/photo\/2018\/11\/25\/05\/43\/climate-change-3836835__340.jpg\" alt=\"Klimawandel, Thermometer, Waldbrand\"\/><figcaption><a href=\"https:\/\/www.waldwissen.net\/waldwirtschaft\/schaden\/brand\/fva_waldbrandgefahr_klimawandel\/index_DE\">Die H\u00e4ufigkeit und Wahrscheinlichkeit von Waldbr\u00e4nden und Buschfeuern d\u00fcrfte im Rahmen der Erderw\u00e4rmung in vielen Erdteilen regionsspezifisch steigen<\/a>. Berechnungen einer bezifferbaren &#8222;Schuld&#8220; am Buschfeuer-bedingten Tod von Wildtieren in einem fernen Erdteil aus dem Anteil von &#8222;Treibhausgas-Emissionen&#8220; sind dagegen einer wissenschaftlich seri\u00f6sen Herangehensweise in jeder Hinsicht unw\u00fcrdig. Darstellung: Pixabay<\/figcaption><\/figure>\n\n\n\n<p>Die Trag\u00f6die der australischen Buschfeuer soll in keinster Weise bagatellisiert werden. Sie ist es vielmehr angesichts des aktuellen Ausma\u00dfes wert, <a href=\"https:\/\/www.publicomag.com\/2020\/01\/diesmal-brennt-es-anders-das-elend-der-deutschen-buschfeuer-berichterstattung\/?unapproved=28186&amp;moderation-hash=a462f8fcf7c523b68a1b319e5f56ab93#comment-28186\">Gegenstand differenzierter Betrachtung<\/a> zu werden (Anmerkung: Die Kommentare zu Alexander Wendts Artikel sind lesenswert und unterscheiden sich bis auf einige Ausnahmen wohltuend von der Hysterie in der Klima-Filterblase; ich habe zum Artikel eine kleine Korrektur der Aussage zu CO2 unterst\u00fctzt) . Die <a href=\"https:\/\/www.welt.de\/politik\/ausland\/article204974752\/Australien-brennt-Sie-sind-kein-Klimaskeptiker-sie-sind-Klimaleugner.html\">historische und klimawissenschaftliche Bewertung der aktuellen Buschfeuer in den Medien kann dabei durchaus gegens\u00e4tzlich ausfallen<\/a>. Bei Naturkatastrophen solchen Ausma\u00dfes m\u00fcssen alle Fakten auf den Tisch, gerade dann, wenn es Widerspr\u00fcchlichkeiten und solch billige Simplifizierungen wie die Volker Quaschnings gibt. <\/p>\n\n\n\n<p><strong>Schuster, bleib bei Deinem Leisten,<\/strong> hei\u00dft ein treffliches Sprichwort, das man Volker Quaschning gerne zur Beachtung empfehlen m\u00f6chte.<\/p>\n\n\n\n<p>Nachtrag 07.Mai 2020: Wie sehr der Tunnelblick auf CO2 und Klimawandel die Gesamtzusammenh\u00e4nge vernachl\u00e4ssigt, zeigt eine <a href=\"https:\/\/www.nature.com\/articles\/s41559-020-1195-5\">Bewertung der Gr\u00fcnde f\u00fcr die riesigen Waldbr\u00e4nde durch australische Wissenschaftler, die am 05. Mai 2020 im Fachmagazin &#8222;Natur Ecology &amp; Evolution&#8220; ver\u00f6ffentlicht wurde<\/a>. Hauptergebnis: <strong>Die Abholzung australischer W\u00e4lder, insbesondere der Feuchtw\u00e4lder, hat ganz ma\u00dfgeblich zum verheerenden Ausma\u00df der Br\u00e4nde gef\u00fchrt. <\/strong>Dies relativiert die unangebrachte und billig-populistische Wortmeldung des f\u00fcr das Thema v\u00f6llig unqualifizierten Volker Quaschning ein weiteres Mal.<\/p>\n\n\n\n<p>Eine letzte Anmerkung:<\/p>\n\n\n\n<p>Volker Quaschnings Populismus  verf\u00e4ngt besonders bei &#8222;Fridays for Future&#8220; (zu dieser vorgeblichen &#8222;Jugendbewegung&#8220; siehe <a href=\"http:\/\/wolfgangepplenaturschutzundethik.de\/?page_id=636\">hier<\/a>). Quaschnings Rolle ist hier beleuchtet: <\/p>\n\n\n\n<p>Epple, W. (2019):&nbsp;Fridays for Future, bayerisches Volksbegehren f\u00fcr die Bienen, Rezo \u2013 Phantasma einer \u201e\u00f6kologischen\u201c B\u00fcrgerrevolution oder Medienputsch pro GR\u00dcN?&nbsp;<a href=\"https:\/\/umwelt-watchblog.de\/wp-content\/uploads\/Eig-Komment-zu-Stork-O%CC%88koBu%CC%88rgerrevolution-SdW220519-2.pdf\">https:\/\/umwelt-watchblog.de\/wp-content\/uploads\/Eig-Komment-zu-Stork-\u00d6koB\u00fcrgerrevolution-SdW220519-2.pdf<\/a>&nbsp;;&nbsp;<a href=\"https:\/\/www.naturschutz-initiative.de\/images\/PDF2019\/ESSAY-EPPLE-WOLFGANG.pdf\">https:\/\/www.naturschutz-initiative.de\/images\/PDF2019\/ESSAY-EPPLE-WOLFGANG.pdf<\/a>&nbsp;; zuerst publiziert unter: https:\/\/umwelt-watchblog.de\/auf-dem-weg-zu-einer-buergerlichen-oekorevolution\/&nbsp;<\/p>\n","protected":false},"excerpt":{"rendered":"<p>Volker Quaschning, Ingenieurwissenschaftler und Professor f\u00fcr Regenerative Energiesysteme an der Hochschule f\u00fcr Technik und Wirtschaft in Berlin, tut sich seit Jahren mit naturvergessenen Forderungen zum &hellip; <\/p>\n","protected":false},"author":1,"featured_media":0,"comment_status":"closed","ping_status":"closed","sticky":false,"template":"","format":"standard","meta":{"om_disable_all_campaigns":false,"_monsterinsights_skip_tracking":false,"_monsterinsights_sitenote_active":false,"_monsterinsights_sitenote_note":"","_monsterinsights_sitenote_category":0,"footnotes":""},"categories":[3],"tags":[],"class_list":["post-1808","post","type-post","status-publish","format-standard","hentry","category-aktuelles"],"aioseo_notices":[],"_links":{"self":[{"href":"https:\/\/wolfgangepplenaturschutzundethik.de\/index.php?rest_route=\/wp\/v2\/posts\/1808"}],"collection":[{"href":"https:\/\/wolfgangepplenaturschutzundethik.de\/index.php?rest_route=\/wp\/v2\/posts"}],"about":[{"href":"https:\/\/wolfgangepplenaturschutzundethik.de\/index.php?rest_route=\/wp\/v2\/types\/post"}],"author":[{"embeddable":true,"href":"https:\/\/wolfgangepplenaturschutzundethik.de\/index.php?rest_route=\/wp\/v2\/users\/1"}],"replies":[{"embeddable":true,"href":"https:\/\/wolfgangepplenaturschutzundethik.de\/index.php?rest_route=%2Fwp%2Fv2%2Fcomments&post=1808"}],"version-history":[{"count":12,"href":"https:\/\/wolfgangepplenaturschutzundethik.de\/index.php?rest_route=\/wp\/v2\/posts\/1808\/revisions"}],"predecessor-version":[{"id":2383,"href":"https:\/\/wolfgangepplenaturschutzundethik.de\/index.php?rest_route=\/wp\/v2\/posts\/1808\/revisions\/2383"}],"wp:attachment":[{"href":"https:\/\/wolfgangepplenaturschutzundethik.de\/index.php?rest_route=%2Fwp%2Fv2%2Fmedia&parent=1808"}],"wp:term":[{"taxonomy":"category","embeddable":true,"href":"https:\/\/wolfgangepplenaturschutzundethik.de\/index.php?rest_route=%2Fwp%2Fv2%2Fcategories&post=1808"},{"taxonomy":"post_tag","embeddable":true,"href":"https:\/\/wolfgangepplenaturschutzundethik.de\/index.php?rest_route=%2Fwp%2Fv2%2Ftags&post=1808"}],"curies":[{"name":"wp","href":"https:\/\/api.w.org\/{rel}","templated":true}]}}