{"id":1841,"date":"2020-02-03T09:49:27","date_gmt":"2020-02-03T09:49:27","guid":{"rendered":"http:\/\/wolfgangepplenaturschutzundethik.de\/?p=1841"},"modified":"2025-03-31T16:04:59","modified_gmt":"2025-03-31T16:04:59","slug":"01-februar-2020-katharina-schulze-gruene-offenbart-vollkommene-ignoranz-in-sachen-mindestabstaende-der-windkraft","status":"publish","type":"post","link":"https:\/\/wolfgangepplenaturschutzundethik.de\/?p=1841","title":{"rendered":"01. Februar 2020: Katharina Schulze (GR\u00dcNE) offenbart vollkommene Ignoranz in Sachen Windkraft"},"content":{"rendered":"\n<p>von Wolfgang Epple<\/p>\n\n\n\n<p class=\"has-vivid-red-color has-text-color\">Der Beitrag wurde aus aktuellem Anlass am 12. und 15. Juli 2022 erg\u00e4nzt. Die Ignoranz des politischen Spitzenpersonals wird in der aktuellen &#8222;Gaskrise&#8220; im Hinblick auf die Einsch\u00e4tzung der Energiewende und die Rolle der volatilen Windkraft und Solarenergie \u00fcberdeutlich &#8211; in Sachen Mindestabst\u00e4nde der Windkraft zu den Wohn- und Arbeitsst\u00e4tten der Menschen sind schlimmste Bef\u00fcrchtungen durch die Beschl\u00fcsse der Ampel-Regierung zwei Jahre nach dem Verfassen dieses Beitrages eingetreten; die Erg\u00e4nzungen siehe unten.<\/p>\n\n\n\n<p><\/p>\n\n\n\n<p>Realsatire ? Leider nein.  Eine f\u00fchrende GR\u00dcNE Politikerin zu den Mindestabst\u00e4nden f\u00fcr Windkraft:<\/p>\n\n\n\n<figure class=\"wp-block-embed is-type-video is-provider-youtube wp-block-embed-youtube wp-embed-aspect-16-9 wp-has-aspect-ratio\"><div class=\"wp-block-embed__wrapper\">\n<iframe loading=\"lazy\" title=\"Markus Lanz | 29.01.2020 | Katharina Schulze, Peter Maffay, Michael Br\u00f6cker, J\u00f6rg Skriebeleit\" width=\"1200\" height=\"675\" src=\"https:\/\/www.youtube.com\/embed\/o_txiZG5MXE?feature=oembed\" frameborder=\"0\" allow=\"accelerometer; autoplay; clipboard-write; encrypted-media; gyroscope; picture-in-picture; web-share\" referrerpolicy=\"strict-origin-when-cross-origin\" allowfullscreen><\/iframe>\n<\/div><figcaption class=\"wp-element-caption\">Hier hilft Sich-Verschanzen hinter Schlagworten und Parolen und der gewohnte Schnellsprech nicht: Katharina Schulze, GR\u00dcNE Spitzenfrau aus Bayern, h\u00e4lt ein Beitrag-Foto bei Markus Lanz zur Umzingelung eines Wohngebietes mit Windkraft f\u00fcr eine Fotomontage. Sie wei\u00df als Fraktionsvorsitzende der GR\u00dcNEN im bayrischen Landtag im Januar 2020 so gut wie nichts von der deutschen Windkraft-Wirklichkeit, und noch weniger als nichts von den Rechtsgrundlagen, \u00fcber die sie schwadroniert. Ihr ist angeblich eine Zahl gerade &#8222;entfallen&#8220; (Min.1.36 des alten, zensierten(?) Videos). Welche Zahl, und wo steht die? &#8211; m\u00f6chte man fragen&#8230;<strong>Hinweis: Das urspr\u00fcnglich aus Youtube v\u00f6llig legal eingebettete Video wurde schon einmal vom &#8222;Uploader&#8220; von meiner Homepage entfernt. Zensur? Zufall?<\/strong> (deshalb neuer Upload: bitte ab ca. Minute 19.50 dieses Videos vertieft beachten).<br><br><\/figcaption><\/figure>\n\n\n\n<p><a href=\"https:\/\/www.pinterest.de\/pin\/698269117211594096\/\">Zur Sicherheit: der Auftritt der GR\u00dcNEN aus M\u00fcnchen ist auch hier bei &#8222;pinterest&#8220; verlinkt<\/a>&#8230;<\/p>\n\n\n\n<p>Das Erschreckende und gleichzeitig Kennzeichnende an diesem Auftritt einer &#8222;Spitzenkraft&#8220; der GR\u00dcNEN ist die Dreistigkeit, mit der die eigene Ignoranz \u00fcberspielt wird. <\/p>\n\n\n\n<p>Beklemmend an diesem Auftritt ist die Tatsache, dass Frau Schulze mit ihren Parteigenossen und den Stimmen der W\u00e4hler aus der st\u00e4dtisch-gr\u00fcnen Bourgeoisie voraussichtlich daf\u00fcr sorgen k\u00f6nnen wird, die Invasion der Windkraft auch noch in den letzten bisher unversehrten und naturnahen Teilen unseres Landes auf Kosten der Landbev\u00f6lkerung zu erzwingen.<\/p>\n\n\n\n<p>Wie wollte man mit solchen Vertretern der politischen Kaste, die in einem so ernsten Thema mit erkennbarer Verachtung der betroffenen Mitmenschen und grenzenloser Naivit\u00e4t agitieren, je \u00fcber die <a href=\"http:\/\/wolfgangepplenaturschutzundethik.de\/\">Grundlagen eines umfassenden und ganzheitlichen Naturschutzes<\/a> in ein ernsthaftes Gespr\u00e4ch kommen? Ganzheitlicher Naturschutz w\u00fcrde die Menschen und die Natur, die k\u00f6rperliche Unversehrtheit und Gesundheit und den lebenswerten Zustand ihrer Heimat im Zentrum bewegen, und darauf aufbauend R\u00fccksicht und Respekt f\u00fcr das umgebende Lebendige.<\/p>\n\n\n\n<p>Es ist einigerma\u00dfen be\u00e4ngstigend, dass Politikerinnen vom Zuschnitt Katharina Schulze sich anschicken, die Geschicke des Landes und seiner Menschen zu bestimmen. <\/p>\n\n\n\n<p><strong>Erg\u00e4nzung 21. Februar 2020:<\/strong><\/p>\n\n\n\n<p>Man sollte im Zusammenhang mit dem skandal\u00f6sen Auftritt Schulzes an die Energiewende-\u00dcberfl\u00fcge einer weiteren, kognitiv und im Auftreten \u00e4hnlich gestrickten GR\u00dcNEN-Frontfrau erinnern: <\/p>\n\n\n\n<p><strong>Annalena Baerbock<\/strong>, deren <a href=\"https:\/\/www.youtube.com\/watch?v=3DL0eR7w98E\">Kobold-Zitat<\/a> bereits Legende ist (u.a. <a data-type=\"URL\" href=\"https:\/\/www.focus.de\/politik\/deutschland\/versprecher-oder-unwissenheit-rohstoff-kobold-bei-ard-sommerinterview-leistet-sich-annalena-baerbock-ein-eigentor_id_10973026.html\">hier im Original<\/a> zu sehen). Ahnungslosigkeit macht den Zuschauer sprachlos&#8230;: Die Einbettung aus YouTube:<\/p>\n\n\n\n<figure class=\"wp-block-embed is-type-video is-provider-youtube wp-block-embed-youtube wp-embed-aspect-16-9 wp-has-aspect-ratio\"><div class=\"wp-block-embed__wrapper\">\n<iframe loading=\"lazy\" title=\"Annalena Baerbock:  &quot;Kobold&quot; in der Autobatterie\" width=\"1200\" height=\"675\" src=\"https:\/\/www.youtube.com\/embed\/3DL0eR7w98E?feature=oembed\" frameborder=\"0\" allow=\"accelerometer; autoplay; clipboard-write; encrypted-media; gyroscope; picture-in-picture; web-share\" referrerpolicy=\"strict-origin-when-cross-origin\" allowfullscreen><\/iframe>\n<\/div><\/figure>\n\n\n\n<p>In einem <a href=\"https:\/\/www.deutschlandfunk.de\/kandidatin-fuer-den-parteivorsitz-der-gruenen-ich-bin.868.de.html?dram:article_id=408793\">&#8222;Interview der Woche&#8220; des Deutschlandfunkes vom 21. Januar 2018<\/a> hatte Bearbocks \u00fcberlegene Sachkunde schon einmal eingeschlagen, diesmal zur Speicherung von elektrischem Strom; im Original (fette Hervorhebung WE; dortiger sprachlicher Nonsens unver\u00e4ndert aus dem Originaltext des DLF): <em><a href=\"https:\/\/www.deutschlandfunk.de\/kandidatin-fuer-den-parteivorsitz-der-gruenen-ich-bin-100.html\" title=\"\">&#8222;(&#8230;) Und es ist aber so \u2013 und das ist einfach Fakt, da kommt man nicht drum herum \u2013 wir haben massiv Stromexporte. Wir exportieren ein Zehntel unseres Stroms ins Ausland, in andere L\u00e4nder. Die osteurop\u00e4ischen Staaten haben schon gesagt: \u201aSo geht das nicht weiter, ihr verstopft unsere Netze.\u2018 Deswegen haben wir gesagt, diese zehn Prozent Export die k\u00f6nnen wir an Kohle vom Netz nehmen. Und nat\u00fcrlich gibt es Schwankungen. Das ist vollkommen klar. <strong>An Tagen wie diesen, wo es grau ist, da haben wir nat\u00fcrlich viel weniger erneuerbare Energien. Deswegen haben wir Speicher. Deswegen fungiert das Netz als Speicher. Und das ist alles ausgerechnet.<\/strong> Ich habe irgendwie keine wirkliche Lust, mir gerade mit den politischen Akteuren, die das besser wissen, zu sagen, das kann nicht funktionieren. Die Bundesnetzagentur, das Bundeswirtschaftsministerium war mit dabei in den Sondierungsgespr\u00e4chen, als Experten geladen, haben das durchgerechnet. Das ist machbar.&nbsp;(&#8230;)&#8220;<\/a><\/em><\/p>\n\n\n\n<p>Wer glaubt, die das Wort f\u00fchrenden GR\u00dcNEN-Politikerinnen w\u00fcrden wenigstens aus den Reaktionen von Fachleuten lernen, t\u00e4uscht sich. Auf <a href=\"https:\/\/www.annalena-baerbock.de\/netze-und-speicher\/\">ihrer eigenen Homepage verbreitet Baerbock Monate nach ihrem Stromspeicher-Hammer am 02. Februar 2018 weiterhin Halbgares  zum Thema &#8222;Netze und Speicher&#8220;<\/a>. Kostprobe (\u00fcbrigens per Screenshot gesichert, fette Hervorhebung durch mich): <em>&#8222;(&#8230;)Denn statt die f\u00fcr Stromkunden teuren, nur selten gebrauchte Reservekraftwerke im eigenen Land vorr\u00e4tig zu halten, <strong>kann man in Engpasssituationen preisg\u00fcnstigen Strom aus dem Nachbarland beziehen. Das nutzen vor allem die Nachbarstaaten Deutschlands, die unseren preiswerten Strom importieren<\/strong>. Aus deutscher Perspektive stellt die St\u00e4rkung des europ\u00e4ischen Energiebinnenmarktes letztlich eine St\u00e4rkung von Speicherkapazit\u00e4ten dar.(&#8230;)&#8220;<\/em>\u00a0<\/p>\n\n\n\n<p>Die naive, ja schon fahrl\u00e4ssige Vorstellung von Versorgungssicherheit (Baerbock: <em>&#8222;selten gebrauchte Reservekraftwerke&#8220;<\/em>) durch zuk\u00fcnftigen &#8222;Stromaustausch&#8220; mit Nachbarn wird vor dem Hintergrund, dass die Nachbarstaaten durch die Energiewende-Politik Marke GR\u00dcN (und kritiklos nachsprechenden Nachfolgern bei CDU,  SPD, Linken und seit der Ampel-Regierung 2022 auch von der FDP \u00fcbernommen) zuk\u00fcnftig \u00e4hnliche Probleme der Versorgungssicherheit bekommen k\u00f6nnten, schon heute ad absurdum gef\u00fchrt. <\/p>\n\n\n\n<p class=\"has-vivid-red-color has-text-color\"><strong>Aktualisierung 12. Juli 2022: <\/strong><\/p>\n\n\n\n<p class=\"has-vivid-red-color has-text-color\">Die derzeitige Au\u00dfenministerin hat ihre \u00c4u\u00dferungen zu den &#8222;Reservekraftwerken&#8220; und dem &#8222;preiswerten Strom aus dem Ausland&#8220; wohl unter  Eindruck  rascher Lernfortschritte im Rahmen der &#8222;Gaskrise&#8220; vom Netz genommen. Ihre per Screenshot gesicherten \u00c4u\u00dferungen bleiben aber hier zur Erinnerung der Naivit\u00e4t und Fahrl\u00e4ssigkeit solcher Aussagen und zur Erinnerung des politischen Kurses im Beitrag zitiert.<\/p>\n\n\n\n<p>Genauso sollte daran erinnert werden, dass die <a href=\"https:\/\/www.spd.de\/fileadmin\/Dokumente\/Koalitionsvertrag\/Koalitionsvertrag_2021-2025.pdf\">Ampel-Koalition in ihrem Koalitionsvertrag <\/a>noch ohne zu z\u00f6gern auf die flexiblen Gaskraftwerke als Backup-System f\u00fcr die volatilen Erneuerbaren Energien gesetzt hat, Zitat: <\/p>\n\n\n\n<p><em><a href=\"https:\/\/www.spd.de\/fileadmin\/Dokumente\/Koalitionsvertrag\/Koalitionsvertrag_2021-2025.pdf\">&#8222;(&#8230;)Wir beschleunigen den massiven Ausbau der Erneuerbare Energien und die Errichtung moderner Gaskraftwerke, um den im Laufe der n\u00e4chsten Jahre steigenden Strom- und Energiebedarf zu wettbewerbsf\u00e4higen Preisen zu decken. Die bis zur Versorgungssicherheit durch Erneuerbare Energien notwendigen Gaskraftwerke m\u00fcssen so gebaut werden, dass sie auf klimaneutrale Gase (H2-ready) umgestellt werden k\u00f6nnen. Erdgas ist f\u00fcr eine \u00dcbergangszeit unverzichtbar. (&#8230;)&#8220;<\/a><\/em><\/p>\n\n\n\n<p>Dies ist den Beteiligten zwar im Grundsatz nicht vorzuwerfen. Jedoch steht in dieser in die Zeit der Entstehung eingebundenen Passage des Koalitionsvertrages letztlich das <strong>Eingest\u00e4ndnis der Notwendigkeit eines Backup-Systems aus Kraftwerken, um das deutsche Energiewende-Wunder am Leben zu erhalten<\/strong>. W\u00e4hrend der Bildung der Koalition gab es einen gesellschaftlichen (und &#8222;wissenschaftlichen&#8220;) Konsens, dass schnell anlaufende Gaskraftwerke am besten sowohl f\u00fcr das Backups-System als auch die &#8222;spinning reserve&#8220; geeignet sind. <\/p>\n\n\n\n<p>Wie Ingenieurwissenschaftler und fachkundige Kritiker aber stets betonten, war auch der Bau von zig Gaskraftwerken in Deutschland, den die Ampel im Koalitionsvertrag noch anstrebte, utopisch. Werden solche teuren Kraftwerke letztlich nur f\u00fcr das Backup-System der &#8222;vorrangigen&#8220; volatilen Windkraft und Solarenergie geplant, sind sie von vornherein wirtschaftlich nicht darstellbar. Dies wird in einem aktuellen<a href=\"https:\/\/www.welt.de\/wirtschaft\/plus239915287\/Probleme-der-Energiewende-Keiner-weiss-wie-das-klappen-soll.html\"> Interview zweier ausgewiesener Experten f\u00fcr die WELT am 15.07.2022 <\/a>\u00fcberdeutlich; Zitat aus dem Interview: <\/p>\n\n\n\n<p><em><a href=\"https:\/\/www.welt.de\/wirtschaft\/plus239915287\/Probleme-der-Energiewende-Keiner-weiss-wie-das-klappen-soll.html\"><strong>WELT:<\/strong> Laut Koalitionsvertrag will die Bundesregierung knapp 40 neue Gaskraftwerke bauen, um die Erneuerbaren abzusichern. War das nicht ein guter Plan, bevor man die Gaskrise ahnen konnte wegen des Krieges? (&#8230;)<\/a><\/em><\/p>\n\n\n\n<p><em><strong>Schwarz<\/strong>*: <a href=\"https:\/\/www.welt.de\/wirtschaft\/plus239915287\/Energiekrise-Ausstieg-aus-Kernenergie-und-Kohle-kann-jetzt-keine-Option-mehr-sein.html\" title=\"\">Die Gaskraftwerke waren auch so ein Schlagwort, das eine Patentl\u00f6sung vorgaukeln sollte. Aber wer h\u00e4tte denn die 40 Gaskraftwerke gebaut, wenn diese im Jahr immer nur dann einspringen sollen, wenn keine Sonne scheint und kein Wind weht. Auf einer solchen Basis l\u00e4sst sich ein solches Kraftwerksprojekt f\u00fcr keinen Investor wirtschaftlich darstellen. Auch w\u00fcrden solche Kraftwerke nur anfangs mit Erdgas betrieben werden. Die Regierung m\u00f6chte mittelfristig auf Wasserstoff setzen.<\/a><\/em><\/p>\n\n\n\n<p class=\"has-small-font-size\">*<strong><a href=\"https:\/\/de.wikipedia.org\/wiki\/Harald_Schwarz_(Elektroingenieur)\">Harald Schwarz  ist 1995 laut Wikipedia Leiter des Lehrstuhles Energieverteilung und Hochspannungstechnik an der&nbsp;BTU Cottbus. <\/a>Er ist Mitglied des Wissenschaftlichen Beirats des&nbsp;<em>Forschungsforums \u00d6ffentliche Sicherheit<\/em>.<\/strong><\/p>\n\n\n\n<p>Was im Interview und in der \u00f6ffentlichen Debatte fehlt, ist die Problematik des begrenzten landschaftlichen Raums f\u00fcr alle aktuellen Energiewende-Szenarien.<br>Es ist der ber\u00fcchtigte blinde Fleck der \u00d6konomie f\u00fcr die \u00d6kologie, f\u00fcr die Natur. <a href=\"https:\/\/wolfgangepplenaturschutzundethik.de\/?page_id=86\">Auf dieser Homepage siehe hier.<\/a> Stichworte: Konfliktkonvergenz, Beanspruchung naturnaher Fl\u00e4chen f\u00fcr Windkraft und Photovoltaik, <a href=\"https:\/\/wolfgangepplenaturschutzundethik.de\/?page_id=2772\">Naturzerst\u00f6rung durch Wasserkraft nicht zu vergessen.<\/a><\/p>\n\n\n\n<p>Diese grunds\u00e4tzliche Problematik eines dringend notwendigen, aber unrealistischen Backup-Systems soll den Ampel-Koalition\u00e4ren unter F\u00fchrung der Windkraft-Partei B\u00fcndnis 90\/die GR\u00dcNEN nicht klar gewesen sein? Wo bleibt die wirtschaftliche Kernkompetenz, die die FDP f\u00fcr sich in Anspruch nimmt?<\/p>\n\n\n\n<p>Mehr noch: Mit einer im Juni 2022 eingel\u00e4uteten \u00c4nderung des Energiewirtschaftsgesetzes in einem <a href=\"https:\/\/www.bmwk.de\/Redaktion\/DE\/Downloads\/Gesetz\/20220608-entwurf-eines-gesetzes-zur-bereithaltung-von-ersatzkraftwerken-zur-reduzierung-des-gasverbrauchs-im-stromsektor.pdf?__blob=publicationFile&amp;v=20\"><strong>Gesetz zur Bereithaltung von Ersatzkraftwerken zur Reduzierung des Gasverbrauchs im Stromsektor<\/strong><\/a>, ausgel\u00f6st durch Sanktionen und verschanzt hinter dem Krieg in der Ukraine, wird das Eingest\u00e4ndnis der Notwendigkeit von konventionellen (Gro\u00df-)Kraftwerken zur Sicherung der Energieversorgung durch das BMWK (verantwortlicher Minister: Robert Habeck, B\u00fcndnis90\/GR\u00dcNE) noch einmal unterstrichen: <\/p>\n\n\n\n<p><em>&#8222;(&#8230;) im Fall einer drohenden<br>Gasmangellage&#8220;<\/em> sollen &nbsp;<em>&#8222;durch&nbsp;\u00c4nderungen&nbsp;des&nbsp;Energiewirtschaftsgesetzes<br>und weiterer energiewirtschaftlicher Vorschriften&#8220;<\/em> weitere Anlagen <em>&#8222;zus\u00e4tzliche elektrische Energie erzeugen k\u00f6nnen&#8220;<\/em> (alle Zitate aus dem verlinkten Gesetzentwurf).<\/p>\n\n\n\n<p>Folgende Anlagen sind <em>&#8222;von diesen Regelungen betroffen:<\/em> <\/p>\n\n\n\n<p><em>\u2212&nbsp;Steinkohleanlagen&nbsp;und Braunkohlekleinanlagen, die in den Anwendungsbereich<br>des Kohleverstromungsbeendigungsgesetzes fallen und f\u00fcr die in den Jahren 2022<br>und 2023 ein Verbot der Kohleverfeuerung wirksam wird,<br>\u2212&nbsp;systemrelevante Anlagen, die mit Kohle oder Mineral\u00f6l befeuert werden und derzeit<br>in der Netzreserve gebunden sind und<br>\u2212&nbsp;Braunkohleanlagen nach \u00a7 13g EnWG. (&#8230;)<\/em>&#8222;<\/p>\n\n\n\n<p>Bundestag und Bundesrat haben am 07. und 08. Juli 2022 dem Gesetzt zugestimmt. Den weitreichenden Folgen kann im Rahmen dieses Beitrages nicht nachgegangen werden.<\/p>\n\n\n\n<p>Erinnert sei deshalb noch einmal an <a href=\"https:\/\/www.vgb.org\/vgbmultimedia\/PT20110LINNEMANN-p-14448.pdf\">Linnemann &amp; Vallana 2018<\/a> (es sei betont: im jahr 2018 erschienen!) und die dort zitierten Bedenken des BDEW : <strong>\u201e<em>Der Branchenverband BDEW stellte k\u00fcrzlich die Verf\u00fcgbarkeit ausl\u00e4ndischer Kraftwerke f\u00fcr die Stromversorgung in Deutschland in Frage und meldete, alle Nachbarl\u00e4nder st\u00fcnden wie Deutschland selbst vor&nbsp;der Herausforderung, ihre Versorgungssicherheit bei steigenden Anteilen intermittierender regenerativer Kraftwerksleistung&nbsp;zu gew\u00e4hrleisten. Deutschland werde sich&nbsp;daher in Knappheitssituationen k\u00fcnftig&nbsp;&nbsp;nur bedingt auf Lieferungen aus dem Ausland verlassen k\u00f6nnen<\/em>.&#8220;<\/strong><\/p>\n\n\n\n<p>Fazit: <\/p>\n\n\n\n<p><strong>B\u00fcndnis90\/die GR\u00dcNEN befinden sich &#8211; erkennbar dogmatisch verh\u00e4rtet &#8211; seit Jahren auf einem energiepolitischen Kurs, der in vielerlei Hinsicht fahrl\u00e4ssig war und ist, und <a href=\"https:\/\/wolfgangepplenaturschutzundethik.de\/?p=5662\">im Regierungshandeln der aktuellen Ampelregierung, erkennbar bereits im Koalitionsvertrag im April 2022, umgesetzt im sogenannten &#8222;Osterpaket&#8220;  im Juli 2022 i<\/a>n Natur- und Menschenverachtung m\u00fcndet. <\/strong><\/p>\n\n\n\n<p><strong>Einem ganzheitlichen Ansatz der Bewahrung der Lebensgrundlagen wird eine solche Politik nicht im Ansatz gerecht<\/strong>. <\/p>\n\n\n\n<p>Siehe <a href=\"https:\/\/wolfgangepplenaturschutzundethik.de\/?p=3716\">hierzu meinen Beitrag vom 27.03.2021<\/a>; Zitat Winfried Kretschmann, GR\u00dcNER MP Baden-W\u00fcrttembergs: <\/p>\n\n\n\n<p><strong><em><a href=\"https:\/\/www.schwarzwaelder-bote.de\/inhalt.landtagswahl-2021-kretschmann-lobt-buerger-engagement.aa6883c3-0bf2-469e-bcee-7318ecac1d10.html\">&#8222;Es kann ja nicht sein, dass die Milan-Population \u00fcber den Klimawandel entscheidet.&#8220;<\/a><\/em><\/strong><\/p>\n\n\n\n<figure class=\"wp-block-image size-large\"><img loading=\"lazy\" decoding=\"async\" width=\"2560\" height=\"1989\" src=\"https:\/\/wolfgangepplenaturschutzundethik.de\/wp-content\/uploads\/2021\/06\/Bild-07.06.21-um-08.58-scaled.jpg\" alt=\"\" class=\"wp-image-4167\" srcset=\"https:\/\/wolfgangepplenaturschutzundethik.de\/wp-content\/uploads\/2021\/06\/Bild-07.06.21-um-08.58-scaled.jpg 2560w, https:\/\/wolfgangepplenaturschutzundethik.de\/wp-content\/uploads\/2021\/06\/Bild-07.06.21-um-08.58-300x233.jpg 300w, https:\/\/wolfgangepplenaturschutzundethik.de\/wp-content\/uploads\/2021\/06\/Bild-07.06.21-um-08.58-768x597.jpg 768w, https:\/\/wolfgangepplenaturschutzundethik.de\/wp-content\/uploads\/2021\/06\/Bild-07.06.21-um-08.58-1536x1193.jpg 1536w, https:\/\/wolfgangepplenaturschutzundethik.de\/wp-content\/uploads\/2021\/06\/Bild-07.06.21-um-08.58-2048x1591.jpg 2048w\" sizes=\"(max-width: 2560px) 100vw, 2560px\" \/><figcaption class=\"wp-element-caption\">Die Karikatur von <strong><a href=\"https:\/\/www.illustration-kloepfer.de\">Jeanne Kloepfer<\/a><\/strong>, die sie mir freundlicherweise zur Verwendung freigegeben hat, bringt auf den Punkt, was Verachtung der wehrlosen Sch\u00f6pfung im Zusammenhang mit dem zunehmend kompromisslosen Windkraftkurs von B\u00fcndnis 90\/die GR\u00dcNEN bedeutet.<\/figcaption><\/figure>\n\n\n\n<p><\/p>\n\n\n\n<p>Entweder bestehen erhebliche Wissensl\u00fccken, oder es wird bewusst und wider besseres Wissen an einer Menschen und Natur sch\u00e4digenden Energiewende festgehalten. In jedem Falle aber besteht ein erheblicher Widerspruch zur st\u00e4ndig wiederholten Anma\u00dfung der B\u00fcndnis-GR\u00dcNEN, sich f\u00fcr den Naturschutz einzusetzen&#8230;.: <\/p>\n\n\n\n<figure class=\"wp-block-image size-large\"><img loading=\"lazy\" decoding=\"async\" width=\"844\" height=\"1024\" src=\"https:\/\/wolfgangepplenaturschutzundethik.de\/wp-content\/uploads\/2022\/07\/Bildschirmfoto-2022-07-15-um-10.06.42-844x1024.png\" alt=\"\" class=\"wp-image-5947\" srcset=\"https:\/\/wolfgangepplenaturschutzundethik.de\/wp-content\/uploads\/2022\/07\/Bildschirmfoto-2022-07-15-um-10.06.42-844x1024.png 844w, https:\/\/wolfgangepplenaturschutzundethik.de\/wp-content\/uploads\/2022\/07\/Bildschirmfoto-2022-07-15-um-10.06.42-247x300.png 247w, https:\/\/wolfgangepplenaturschutzundethik.de\/wp-content\/uploads\/2022\/07\/Bildschirmfoto-2022-07-15-um-10.06.42-768x932.png 768w, https:\/\/wolfgangepplenaturschutzundethik.de\/wp-content\/uploads\/2022\/07\/Bildschirmfoto-2022-07-15-um-10.06.42-1266x1536.png 1266w, https:\/\/wolfgangepplenaturschutzundethik.de\/wp-content\/uploads\/2022\/07\/Bildschirmfoto-2022-07-15-um-10.06.42.png 1312w\" sizes=\"(max-width: 844px) 100vw, 844px\" \/><figcaption class=\"wp-element-caption\">Zur Erinnerung: Der ber\u00fchmte Bienen-Schmetterling-Vogel-Auftritt einer weiteren Spitzenfrau von B\u00fcndnis 90\/die GR\u00dcNEN, 25.07.2017&#8230;<br>Quelle: <a href=\"https:\/\/twitter.com\/die_gruenen\/status\/934445761181487104\">https:\/\/twitter.com\/die_gruenen\/status\/934445761181487104<\/a>; Screenshot 15.07.2022<\/figcaption><\/figure>\n\n\n\n<p><\/p>\n\n\n\n<p>&#8230;und dabei die &#8222;B\u00fcrgerInnen mitnehmen zu wollen&#8220;.<strong> <\/strong><\/p>\n\n\n\n<p><strong>Die Kenntnisnahme der ern\u00fcchternden Realit\u00e4t der Energiewende wird verweigert, fundierte Kritik systematisch ausgegrenzt, und die <a href=\"https:\/\/www.naturschutz-initiative.de\/images\/PDF2019\/ESSAY-EPPLE-WOLFGANG.pdf\">Spaltung der Gesellschaft<\/a> bis in die Gegenwart (Juli 2022) vertieft.<\/strong><\/p>\n\n\n\n<p><\/p>\n","protected":false},"excerpt":{"rendered":"<p>von Wolfgang Epple Der Beitrag wurde aus aktuellem Anlass am 12. und 15. Juli 2022 erg\u00e4nzt. Die Ignoranz des politischen Spitzenpersonals wird in der aktuellen &hellip; <\/p>\n","protected":false},"author":1,"featured_media":204,"comment_status":"closed","ping_status":"closed","sticky":false,"template":"","format":"standard","meta":{"om_disable_all_campaigns":false,"_monsterinsights_skip_tracking":false,"_monsterinsights_sitenote_active":false,"_monsterinsights_sitenote_note":"","_monsterinsights_sitenote_category":0,"footnotes":""},"categories":[3],"tags":[],"class_list":["post-1841","post","type-post","status-publish","format-standard","has-post-thumbnail","hentry","category-aktuelles"],"aioseo_notices":[],"_links":{"self":[{"href":"https:\/\/wolfgangepplenaturschutzundethik.de\/index.php?rest_route=\/wp\/v2\/posts\/1841"}],"collection":[{"href":"https:\/\/wolfgangepplenaturschutzundethik.de\/index.php?rest_route=\/wp\/v2\/posts"}],"about":[{"href":"https:\/\/wolfgangepplenaturschutzundethik.de\/index.php?rest_route=\/wp\/v2\/types\/post"}],"author":[{"embeddable":true,"href":"https:\/\/wolfgangepplenaturschutzundethik.de\/index.php?rest_route=\/wp\/v2\/users\/1"}],"replies":[{"embeddable":true,"href":"https:\/\/wolfgangepplenaturschutzundethik.de\/index.php?rest_route=%2Fwp%2Fv2%2Fcomments&post=1841"}],"version-history":[{"count":59,"href":"https:\/\/wolfgangepplenaturschutzundethik.de\/index.php?rest_route=\/wp\/v2\/posts\/1841\/revisions"}],"predecessor-version":[{"id":6786,"href":"https:\/\/wolfgangepplenaturschutzundethik.de\/index.php?rest_route=\/wp\/v2\/posts\/1841\/revisions\/6786"}],"wp:featuredmedia":[{"embeddable":true,"href":"https:\/\/wolfgangepplenaturschutzundethik.de\/index.php?rest_route=\/wp\/v2\/media\/204"}],"wp:attachment":[{"href":"https:\/\/wolfgangepplenaturschutzundethik.de\/index.php?rest_route=%2Fwp%2Fv2%2Fmedia&parent=1841"}],"wp:term":[{"taxonomy":"category","embeddable":true,"href":"https:\/\/wolfgangepplenaturschutzundethik.de\/index.php?rest_route=%2Fwp%2Fv2%2Fcategories&post=1841"},{"taxonomy":"post_tag","embeddable":true,"href":"https:\/\/wolfgangepplenaturschutzundethik.de\/index.php?rest_route=%2Fwp%2Fv2%2Ftags&post=1841"}],"curies":[{"name":"wp","href":"https:\/\/api.w.org\/{rel}","templated":true}]}}