{"id":2567,"date":"2022-03-07T07:36:00","date_gmt":"2022-03-07T07:36:00","guid":{"rendered":"http:\/\/wolfgangepplenaturschutzundethik.de\/?p=2567"},"modified":"2022-03-07T12:42:12","modified_gmt":"2022-03-07T12:42:12","slug":"19-mai-2020-waldvernichtung-durch-die-windkraftindustrie-ein-beispiel-aus-dem-mittleren-schwarzwald","status":"publish","type":"post","link":"https:\/\/wolfgangepplenaturschutzundethik.de\/?p=2567","title":{"rendered":"07.M\u00e4rz 2022\/19. Mai 2020: Waldvernichtung durch die Windkraftindustrie &#8211; Beispiele aus dem mittleren Schwarzwald"},"content":{"rendered":"\n<p>Glauben die Verantwortlichen der Windkraft-Unterst\u00fctzungsparteien im Ernst, alle Menschen dieser Republik seien k\u00e4uflich, und man k\u00f6nne die <a href=\"https:\/\/www.tagesspiegel.de\/wirtschaft\/so-weckt-man-begeisterung-fuer-die-windkraft-aufklaerung-ist-besser-als-belohnung\/25393710.html\">&#8222;Akzeptanz&#8220; f\u00fcr Windkraftindustrie selbst in sch\u00f6nster Natur steigern durch &#8222;finanzielle Beteiligung&#8220;<\/a>? Glauben die Verantwortlichen, mit einem (geradezu l\u00e4cherlichen) Mindestabstand der Monsterbauwerke von 1000 Metern zur Wohnbebauung seien die schwerwiegenden  Beeintr\u00e4chtigungen f\u00fcr die Natur, Landschaft und das Wohlbefinden der Menschen behoben? <a href=\"https:\/\/www.umweltministerkonferenz.de\/documents\/endgueltiges-ergebnisprotokoll-94_umk_1591103085.pdf\">Die Beschl\u00fcsse der 94. Umweltministerkonferenz vom 15. Mai 2020<\/a> laufen auf die gezielte weitere Schw\u00e4chung des Landschafts- und Naturschutzes zu Gunsten der Begehrlichkeiten der Windbranche hinaus, und sind von der hier kritisierten wirklichkeitsfremden Vorstellung der &#8222;Akzeptanzsteigerung&#8220; gepr\u00e4gt. Wenn Verfahren weiter beschleunigt werden sollen, und &#8211; wie seit Monaten verlautbart &#8211; <a href=\"https:\/\/naturschutz-initiative.de\/neuigkeiten\/560-11-10-2019-ein-anschlag-auf-natur-buerger-und-rechtstaat\">B\u00fcrgerrechte gleichzeitig eingeschr\u00e4nkt werden sollen<\/a>, wenn geltendes h\u00f6herrangiges EU-Recht f\u00fcr den Artenschutz missachtet wird oder ausgehebelt werden soll, und wenn der Widerstand bzw. schon die Kritik am brachialen Vorgehen der Windkraftprofiteure als politisch unkorrekt ausgegrenzt wird (Epple (2017 und<a href=\"https:\/\/www.suedkurier.de\/region\/schwarzwald\/blumberg\/Die-Windkraftindustrie-zerstoert-die-Natur;art372508,9589770\"> hier<\/a>), so sind dies sehr schlechte Vorzeichen. Ohnmacht und Hilflosigkeit machen sich bei den Betroffenen breit. Inzwischen, im Jahr 2022, sind die bereits unter der Merkel-Regierung verheerenden Tendenzen <a href=\"https:\/\/www.naturschutz-initiative.de\/images\/PDF2021\/Epple2021KoalitionsvertragAmpel.pdf\">durch die Pl\u00e4ne der neue Ampel-Regierung in den Schatten gestellt.<\/a> Es handelt sich um den<a href=\"https:\/\/umwelt-watchblog.de\/rechtsbruch-mit-ankuendigung-der-frontalangriff-der-ampel-auf-den-naturschutz\/#more-7204\"> im Rahmen der Energiewende bislang umfassendsten und durch die in die Schl\u00fcsselministerien geholten &#8222;Experten&#8220; von langer Hand vorbereiteten Frontalangriff auf den Naturschutz<\/a>.<\/p>\n\n\n\n<p>Die Reaktion eines natur- und umweltbewussten B\u00fcrgers aus dem Schwarzwald auf die schockierende Zerst\u00f6rung seiner Heimat durch die Windkraftindustrie soll hier aufgegriffen werden: <\/p>\n\n\n\n<figure class=\"wp-block-embed is-type-video is-provider-youtube wp-block-embed-youtube wp-embed-aspect-16-9 wp-has-aspect-ratio\"><div class=\"wp-block-embed__wrapper\">\n<iframe loading=\"lazy\" title=\"Hohenlochen - Eingriff in die Natur zugunsten 4 Windr\u00e4der\" width=\"1200\" height=\"675\" src=\"https:\/\/www.youtube.com\/embed\/oT9VoP0YAIo?feature=oembed\" frameborder=\"0\" allow=\"accelerometer; autoplay; clipboard-write; encrypted-media; gyroscope; picture-in-picture\" allowfullscreen><\/iframe>\n<\/div><figcaption>Das Video von Jochen Armbruster, alteingesessener Einwohner des mittleren Schwarzwaldes zeigt die schockierende Wirklichkeit des angeblich &#8222;naturvertr\u00e4glichen Ausbaus&#8220; der Windkraft. Hier am Beispiel des Hohenlochen bei Oberwolfach:<br>In reliefbetonten Waldgebirgen sind enorme Zerst\u00f6rungen alleine schon f\u00fcr die Vorbereitung des verheerenden Eingriffes der Windkraftindustrie n\u00f6tig (man vergleiche mit dem Bild <a href=\"http:\/\/wolfgangepplenaturschutzundethik.de\/?page_id=566\">hier<\/a>). Die Baden-W\u00fcrttembergische GR\u00dcN dominierte Landesregierung will den Windkraftausbau auf Biegen und Brechen. Die <a href=\"https:\/\/www.energieatlas-bw.de\/wind\/potenzialanalyse\/uberblick\">LUBW errechnet Potenzial f\u00fcr 20000 Windenergieanlagen<\/a>&#8230;ein Horrorszenario f\u00fcr das einst an landschaftlicher Sch\u00f6nheit gesegnete Bundesland. Hauptverantwortlich: MP Windfried Kretschmann, der inzwischen aus dem Amt geschiedene Umweltminister seinerzeitige Franz Untersteller, beide B\u00fcndnis 90\/Gr\u00fcne. Die  in der Koalition mitregierende CDU hat offensichtlich nichts entgegenzusetzen. Im Gegenteil: <a href=\"https:\/\/www.stuttgarter-zeitung.de\/inhalt.energiewende-in-baden-wuerttemberg-cdu-landtagsfraktion-treibt-gruene-bei-windkraftausbau.294dcb1a-9782-47fa-ba34-349c8b0081b6.html?reduced=true\"><strong>Die CDU Baden-W\u00fcrttembergs ist zum Einpeitscher und Vollstrecker in Sachen Verhunzung der Vorzugslandschaften des S\u00fcdwestens durch Windkraftindustrie geworden.<\/strong><\/a><\/figcaption><\/figure>\n\n\n\n<p>Der Video-Beitrag eines schockierten Anwohners zeigt, dass ein solch naturfressendes Windkraftindustriegebiet offensichtlich nicht &#8222;das Ziel&#8220; aller &#8222;B\u00fcrger&#8220; ist, wie sich die <a href=\"https:\/\/www.badenova.de\">Badenova<\/a> als Betreiber gro\u00dfspurig anma\u00dfte (Aktualisierung 07.03.2022: Diese  Aussage ist im Netz nicht mehr zu finden; weiterhin aber kann man <a href=\"https:\/\/www.badenovawaermeplus.de\/erneuerbare-energien\/wind\/anlagen\/hohenlochen\/\">auf der Homepage des Betreibers die <strong>dreiste Sch\u00f6nf\u00e4rberei der Naturzerst\u00f6rung<\/strong> nachlesen<\/a>).<\/p>\n\n\n\n<p>Wenn die monstr\u00f6sen Bauwerke stehen, br\u00f6ckelt erfahrungsgem\u00e4\u00df die vorher eher theoretische Zustimmung in der Bev\u00f6lkerung, weil die vorher verharmlosten Negativ-Folgen sichtbar und sp\u00fcrbar werden. <\/p>\n\n\n\n<p>Ein Beispiel f\u00fcr sie R\u00fccksichtslosigkeit gegen Mensch und Natur ist das <a href=\"https:\/\/windpark-falkenhoehe.de\">Windindustriegebiet  &#8222;Falkenh\u00f6he&#8220;<\/a> zwischen Lauterbach und Hornberg, nicht weit entfernt und ebenfalls in einem der sch\u00f6nsten Teile des mittleren Schwarzwaldes, in der N\u00e4he des bekannten und fr\u00fcher <a href=\"http:\/\/www.fohrenbuehl-schwarzwald.de\">touristisch beliebten &#8222;Fohrenb\u00fchls&#8220;<\/a>. Man wirbt \u00fcbrigens dort noch immer ganz ungeniert mit dem <em><a href=\"http:\/\/www.fohrenbuehl-schwarzwald.de\">&#8222;Herzen des Schwarzwaldes&#8220; <\/a><\/em>(!), um G\u00e4ste anzulocken. <\/p>\n\n\n\n<p>Die Realit\u00e4t, ganz in der N\u00e4he, die Schlagzeile aus dem <strong>&#8222;<em>Scharzw\u00e4lder Boten&#8220; vom 03.03.2022:<\/em><\/strong><em><strong> <\/strong><\/em><\/p>\n\n\n\n<p><em><strong><a href=\"https:\/\/www.schwarzwaelder-bote.de\/inhalt.aerger-am-windpark-falkenhoehe-wie-auf-dem-rollfeld-windraeder-droehnen.5846c035-7f73-44d8-96ca-f10a00108a4d.html\">\u00c4rger am Windpark Falkenh\u00f6he Wie auf dem Rollfeld: Windr\u00e4der dr\u00f6hnen in Schramberg<\/a><\/strong><\/em> &#8230;weiter hei\u00dft es dort: <em><a href=\"https:\/\/www.schwarzwaelder-bote.de\/inhalt.aerger-am-windpark-falkenhoehe-wie-auf-dem-rollfeld-windraeder-droehnen.5846c035-7f73-44d8-96ca-f10a00108a4d.html\">Einen dicken Hals haben die unmittelbaren Anwohner des&nbsp;Windparks Falkenh\u00f6he: Kopfschmerzen und schlechterer Schlaf sind die Folgen des nervt\u00f6tenden Schattenwurfs und des mitunter dr\u00f6hnenden L\u00e4rms der Windr\u00e4der.<\/a><\/em> <\/p>\n\n\n\n<p>Zur Rolle und Verantwortung der Windkraft-Auftragsgutachter bei der Vernichtung von Landschaft und W\u00e4ldern habe ich in <em><a href=\"https:\/\/www.bod.de\/buchshop\/windkraftindustrie-und-naturschutz-wolfgang-epple-9783753416991\">meinem Buch zum Konflikt Windkraftindustrie und Naturschutz <\/a>d<\/em>as rechtlich und fachlich fragw\u00fcrdige Begleit-Gutachten zu diesem Windindustriegebiet herausgegriffen und ausf\u00fchrlich gew\u00fcrdigt.<\/p>\n\n\n\n<figure class=\"wp-block-image size-large\"><img loading=\"lazy\" decoding=\"async\" width=\"1024\" height=\"847\" src=\"https:\/\/wolfgangepplenaturschutzundethik.de\/wp-content\/uploads\/2022\/03\/Bildschirmfoto-2022-03-07-um-10.37.29-1024x847.png\" alt=\"\" class=\"wp-image-5508\" srcset=\"https:\/\/wolfgangepplenaturschutzundethik.de\/wp-content\/uploads\/2022\/03\/Bildschirmfoto-2022-03-07-um-10.37.29-1024x847.png 1024w, https:\/\/wolfgangepplenaturschutzundethik.de\/wp-content\/uploads\/2022\/03\/Bildschirmfoto-2022-03-07-um-10.37.29-300x248.png 300w, https:\/\/wolfgangepplenaturschutzundethik.de\/wp-content\/uploads\/2022\/03\/Bildschirmfoto-2022-03-07-um-10.37.29-768x636.png 768w, https:\/\/wolfgangepplenaturschutzundethik.de\/wp-content\/uploads\/2022\/03\/Bildschirmfoto-2022-03-07-um-10.37.29-1536x1271.png 1536w, https:\/\/wolfgangepplenaturschutzundethik.de\/wp-content\/uploads\/2022\/03\/Bildschirmfoto-2022-03-07-um-10.37.29.png 1810w\" sizes=\"(max-width: 1024px) 100vw, 1024px\" \/><figcaption>Screenshot 07.03.2022: Schlagzeile des &#8222;Schwarzw\u00e4lder Boten&#8220;  zum Windindustriegebiet &#8222;Falkenh\u00f6he&#8220; zwischen Lauterbach und Hornberg. Betroffen sind einige der sch\u00f6nsten Hof-Lagen der dortigen Schwarzwaldregion.<\/figcaption><\/figure>\n\n\n\n<p class=\"has-medium-font-size\"><strong>Der Schwarzwald wird zum Menetekel der Landschaftsentwertung durch Windkraft<\/strong><\/p>\n\n\n\n<p>Ein weiteres kurzes Video zum Hohenlochen:<\/p>\n\n\n\n<figure class=\"wp-block-embed is-type-video is-provider-youtube wp-block-embed-youtube wp-embed-aspect-16-9 wp-has-aspect-ratio\"><div class=\"wp-block-embed__wrapper\">\n<iframe loading=\"lazy\" title=\"Eindr\u00fccke vom Hohenlochen im Schwarzwald: Waldzerst\u00f6rungen durch Windenergieanlagen\" width=\"1200\" height=\"675\" src=\"https:\/\/www.youtube.com\/embed\/cjJqKnoX-OQ?feature=oembed\" frameborder=\"0\" allow=\"accelerometer; autoplay; clipboard-write; encrypted-media; gyroscope; picture-in-picture\" allowfullscreen><\/iframe>\n<\/div><\/figure>\n\n\n\n<p>Inzwischen (2022) wird immer klarer, welch monstr\u00f6sen Ausma\u00dfe der Windkraftausbau gerade im Schwarzwald , verursacht im Wesentlichen durch die GR\u00dcN dominierte Landesregierung, in der die CDU mit Forstminister Peter Hauk zum Vollstrecker wird, annimmt und noch annehmen soll. Tausende Windr\u00e4der sollen in die W\u00e4lder betoniert werden, insbesondere der Staatswald ist wohl zuk\u00fcnftig dem Zugriff ausgesetzt&#8230;<a href=\"https:\/\/wolfgangepplenaturschutzundethik.de\/?p=3471\">siehe den Gastbeitrag &#8222;Zugriff&#8220; von Wolf Hockenjos, hier. <\/a><\/p>\n\n\n\n<p><\/p>\n\n\n\n<figure class=\"wp-block-image size-large\"><img loading=\"lazy\" decoding=\"async\" width=\"1024\" height=\"473\" src=\"https:\/\/wolfgangepplenaturschutzundethik.de\/wp-content\/uploads\/2021\/01\/Bild-an-der-Bettelfrau-1024x473.jpg\" alt=\"\" class=\"wp-image-3537\" srcset=\"https:\/\/wolfgangepplenaturschutzundethik.de\/wp-content\/uploads\/2021\/01\/Bild-an-der-Bettelfrau-1024x473.jpg 1024w, https:\/\/wolfgangepplenaturschutzundethik.de\/wp-content\/uploads\/2021\/01\/Bild-an-der-Bettelfrau-300x139.jpg 300w, https:\/\/wolfgangepplenaturschutzundethik.de\/wp-content\/uploads\/2021\/01\/Bild-an-der-Bettelfrau-768x355.jpg 768w, https:\/\/wolfgangepplenaturschutzundethik.de\/wp-content\/uploads\/2021\/01\/Bild-an-der-Bettelfrau-1536x710.jpg 1536w, https:\/\/wolfgangepplenaturschutzundethik.de\/wp-content\/uploads\/2021\/01\/Bild-an-der-Bettelfrau-2048x947.jpg 2048w\" sizes=\"(max-width: 1024px) 100vw, 1024px\" \/><figcaption>Die naturfressende Monstrosit\u00e4t der Windkraftindustrie wird in diesem Bild eines &#8222;zwischengeparkten&#8220; Rotorfl\u00fcgels sichtbar. Foto: Theo Feger. Es entstand vor Weihnachten 2020 unterhalb des Brandenkopfes an der &#8222;Bettelfrau&#8220;. Den ganzen Winter 2020\/2021 steht der Fl\u00fcgeltransporter eingeschneit an diesem Ort und wird bewacht. Der Brandenkopf und der Bereich der &#8222;Bettelfrau&#8220; geh\u00f6ren zum sagenumwobenen, landschaftlich sch\u00f6nsten Teil des Schwarzwaldes. Der Windkraftfanatismus kennt in dieser einzigartigen Landschaft bis hinaus in die lieblichen Vorberge der &#8222;Ortenau&#8220;  offensichtlich kein Halten mehr und keine Tabus.<\/figcaption><\/figure>\n\n\n\n<h4 class=\"wp-block-heading\"><strong>Schwarz-GR\u00dcN in Baden-W\u00fcrttemberg: <\/strong><strong>Zentralisierung und Beschneidung der B\u00fcrgerbetieigung<\/strong><\/h4>\n\n\n\n<p>In der Badischen Zeitung vom 26. Oktober 2021 kommt MP Winfried Kretschmann  zur Sache, er wird wie folgt zitiert: <em><a href=\"https:\/\/www.badische-zeitung.de\/das-land-will-eine-haertere-gangart-beim-ausbau-der-windkraft\">\u201e(\u2026)Es k\u00f6nne nicht sein, dass bei jeder Windkraftanlage professionelle Netzwerke mit hochkar\u00e4tigen Rechtsanw\u00e4lten &#8222;einmarschieren&#8220;, um aus einer rein politischen Agenda heraus etwas zu bek\u00e4mpfen. Das habe auch mit B\u00fcrgerbeteiligung vor Ort nichts zu tun. &#8222;Wir werden mit dieser Beschleunigung nicht die B\u00fcrgerbeteiligung niederwalzen&#8220;, versicherte Kretschmann. &#8222;Aber das zu unterscheiden, ist auch noch mal wichtig, wie man das macht. (\u2026) Und den Profis, die da heute bei den Gegnern rumrennen, denen m\u00fcssen wir auch Profis entgegensetzen&#8220;, sagte der Ministerpr\u00e4sident. &#8222;Die m\u00fcssen nat\u00fcrlich schon auch mit einer h\u00e4rteren Gangart rechnen.&#8220;<\/a><\/em> <\/p>\n\n\n\n<p>Was f\u00fcr ein Verst\u00e4ndnis von Demokratie und&nbsp;<em>\u201eB\u00fcrgerbeteiligung\u201c<\/em>&nbsp;tut sich da auf beim \u201ePhilosophen\u201c in der Rolle des Landesvaters der GR\u00dcNEN B\u00fcrger-Mitnehmen-Partei? Was f\u00fcr eine hetzerische und spalterische Tonart!  2011 verk\u00fcndete Kretschmann noch eine&nbsp;<em>\u201ePolitik des Geh\u00f6rtwerdens\u201c<\/em>. Die Zeit des unehrlichen Schwadronierens aber ist vorbei. Jetzt geht es mit einer eigens daf\u00fcr in Stellung gebrachten&nbsp;<em><a href=\"https:\/\/stm.baden-wuerttemberg.de\/de\/ministerium\/staatsraetin-fuer-zivilgesellschaft-und-buergerbeteiligung\/\">Staatsr\u00e4tin f\u00fcr Zivilgesellschaft<\/a> und B\u00fcrgerbeteiligung<\/em>&nbsp;(!) in Baden-W\u00fcrttemberg ans Eingemachte: <a href=\"https:\/\/zeitung.faz.net\/faz\/politik\/2021-11-17\/3424262470bf674f876ec22b6f577a9c\/?GEPC=s9\">Statt kommunaler Entscheidungen und l\u00e4stiger B\u00fcrgerbegehren nennt sich das im GR\u00dcN-Sprech <em>\u201edialogische B\u00fcrgerbeteiligung\u201c<\/em><\/a> .&nbsp;<\/p>\n\n\n\n<h4 class=\"wp-block-heading\"><strong>Schwarz-GR\u00dcN in Baden-W\u00fcrttemberg: Auslieferung von W\u00e4ldern, Natur  und Landschaft an die Windkraftindustrie in gro\u00dfem Stil<\/strong><\/h4>\n\n\n\n<p>Mit einer ebenfalls eigens f\u00fcr den Durchmarsch der Erneuerbaren und speziell der Windkraft eingerichteten &#8222;Task-Force&#8220; sowie mit einer &#8222;Vermarktungsoffensive&#8220;, also der Verh\u00f6kerung der Staatsw\u00e4lder an die Windkraft, werden im S\u00fcdwesten Deutschlands verheerende Tatsachen geschaffen. Originalton aus der Landesregierung Baden-W\u00fcrttemberg:  <em>&#8222;(&#8230;)<a href=\"https:\/\/www.baden-wuerttemberg.de\/de\/service\/presse\/pressemitteilung\/pid\/erste-ergebnisse-zur-beschleunigung-des-ausbaus-erneuerbarer-energien\/\">Die&nbsp;Ende Oktober dieses Jahres ins Leben gerufene Task Force&nbsp;ist ein wichtiges Instrument zur Realisierung der Klimawende in Baden-W\u00fcrttemberg. \u201eWir m\u00fcssen bei Planungs- und Genehmigungsverfahren mindestens doppelt so schnell werden, deshalb beschleunigen wir die Energiewende auch mit disruptiven Ma\u00dfnahmen\u201c, sagte Ministerpr\u00e4sident&nbsp;Winfried Kretschmann.<\/a>(&#8230;)&#8220;<\/em><\/p>\n\n\n\n<p>Zitate aus den prahlerischen Vollzugsmeldungen zur Naturzerst\u00f6rung durch Windkraft; 14. Dezember 2021: <em><a href=\"https:\/\/www.baden-wuerttemberg.de\/de\/service\/presse\/pressemitteilung\/pid\/erste-ergebnisse-zur-beschleunigung-des-ausbaus-erneuerbarer-energien\/\">&#8222;(&#8230;) Als ein erstes Ergebnis hat\u00a0ForstBW\u00a0f\u00fcnf Fl\u00e4chen identifiziert, auf denen k\u00fcnftig bis zu 90 neue Windr\u00e4der gebaut werden sollen. Diese Fl\u00e4chen wurden noch im Oktober in einem Angebotsverfahren ver\u00f6ffentlicht. Dabei geht es um Fl\u00e4chen von insgesamt 1.870 Hektar. (&#8230;)Neben der Vergabeoffensive im Staatswald sollen auch die\u00a0Landschaftsschutzgebiete\u00a0f\u00fcr den Bau von Anlagen ge\u00f6ffnet werden.\u00a0(&#8230;)&#8220;<\/a><\/em> <\/p>\n\n\n\n<p>Am 01.Februar 2022 wird bez\u00fcglich der Staatsw\u00e4lder weiterer, nicht weniger  prahlerischer Vollzug   gemeldet: <em>&#8222;(&#8230;)Die\u00a0<a rel=\"noreferrer noopener\" href=\"https:\/\/www.lubw.baden-wuerttemberg.de\/startseite\" target=\"_blank\">Landesanstalt f\u00fcr Umwelt Baden-W\u00fcrttemberg<\/a>\u00a0hat landesweit aus einer Verschneidung von windh\u00f6ffigen Fl\u00e4chen sogenannte Potenzialfl\u00e4chen, differenziert nach solchen mit und ohne Restriktionen, f\u00fcr eine theoretische Windenergienutzung ermittelt. Auf dieser Grundlage hat ForstBW f\u00fcr den Staatswald begonnen, geeignete Vermarktungsfl\u00e4chen zu identifizieren. <\/em><a href=\"https:\/\/www.baden-wuerttemberg.de\/de\/service\/presse\/pressemitteilung\/pid\/zweite-tranche-geeigneter-windkraftstandorte-im-staatswald-vorgestellt\/\"><em>\u201eAuf die Ausschreibung der ersten Tranche im Oktober 2021 mit 1.999 Hektar Potentialfl\u00e4chen im Wald haben 42 Anbieter 134 Angebote abgegeben. Nach Abschluss der Pr\u00fcfung durch ForstBW k\u00f6nnen die Angebote zugeschlagen und in die genehmigungsrechtliche Planung eingestiegen werden\u201c, sagte der Minister.<\/em> (&#8230;) <em><strong>Bis zu 40 neue Windenergieanlagen an sechs Standorten<\/strong><\/em> (&#8230;)<em>F\u00fcr die Ausschreibung der zweiten Tranche habe ForstBW nun sechs weitere Windkraftstandorte f\u00fcr ein zweites Angebotsverfahren identifiziert. \u201eAuf den rund 900 Hektar (ha) Waldfl\u00e4che an sechs Standorten in Baden-W\u00fcrttemberg k\u00f6nnen bis zu 40 neue Windenergieanlagen entstehen\u201c, sagte Peter Hauk.<\/em>\u00a0<em>(&#8230;)&#8220;<\/em><\/a><\/p>\n\n\n\n<p>Die nachfolgenden Fotos, noch einmal vom Hohenlochen bei Oberwolfach, sind ersch\u00fctternd. Sie illustrieren die Vers\u00fcndigung an der ehemaligen einzigartig lieblichen und \u00fcber die Grenzen hinaus bekannt-ber\u00fchmten Landschaft des mittleren Schwarzwaldes. Die Fotos stammen alle vom Fotografen Michael Bauer; sie finden sich auch auf der Seite der <a href=\"https:\/\/www.windkraftfreiesgrobbachtal.de\/bilder\/\">B\u00fcrgerinitiative Windkraftfreies Grobbachtal in Baden-Baden<\/a>, und wurden durch Vermittlung von Frau Cornelia von Loga dankenswerter Weise f\u00fcr meine Homepage zur Verf\u00fcgung gestellt:<\/p>\n\n\n\n<figure class=\"wp-block-image\"><img decoding=\"async\" src=\"https:\/\/www.windkraftfreiesgrobbachtal.de\/wp-content\/uploads\/2021\/11\/Hohenlochen-1.jpg\" alt=\"\"\/><\/figure>\n\n\n\n<p><\/p>\n\n\n\n<figure class=\"wp-block-image\"><img decoding=\"async\" src=\"https:\/\/www.windkraftfreiesgrobbachtal.de\/wp-content\/uploads\/2021\/11\/Hohenlochen-4.jpg\" alt=\"\"\/><\/figure>\n\n\n\n<p><\/p>\n\n\n\n<figure class=\"wp-block-image\"><img decoding=\"async\" src=\"https:\/\/www.windkraftfreiesgrobbachtal.de\/wp-content\/uploads\/2021\/11\/Hohenlochen-2.jpg\" alt=\"\"\/><\/figure>\n\n\n\n<p><\/p>\n\n\n\n<figure class=\"wp-block-image is-resized\"><img loading=\"lazy\" decoding=\"async\" src=\"https:\/\/www.windkraftfreiesgrobbachtal.de\/wp-content\/uploads\/2021\/11\/Hohenlochen-5.jpg\" alt=\"\" width=\"641\" height=\"426\"\/><figcaption>Letzte vier Bilder zeigen alle Hohenlochen bei Oberwolfach. Fotos: Michael Bauer<\/figcaption><\/figure>\n\n\n\n<p>Das also ist die Realit\u00e4t des GR\u00dcN-Schwarz verantworteten Klimaschutzes im <em><a href=\"http:\/\/www.fohrenbuehl-schwarzwald.de\">&#8222;Herzen des Schwarzwaldes&#8220;<\/a><\/em>&#8230;<\/p>\n\n\n\n<p>Originalton des Hohenlochen-Windkraft-Betreibers Badenova<em>:<a href=\"https:\/\/www.badenovawaermeplus.de\/erneuerbare-energien\/wind\/anlagen\/hohenlochen\/\">(&#8230;) Die geplante Stromerzeugung der Windenergieanlagen liegt bei rund&nbsp;<strong>34 Millionen Kilowattstunden j\u00e4hrlich,<\/strong>&nbsp;das entspricht dem Jahresbedarf von ca. 22.222 Personen. Durch die Nutzung der Windkraft k\u00f6nnen am Standort Hohenlochen so \u00fcber&nbsp;<strong>17.000 Tonnen CO<sub>2<\/sub>&nbsp;pro Jahr eingespart<\/strong>&nbsp;werden.(&#8230;)<\/a><\/em><\/p>\n\n\n\n<p>Die seelenlose, in vielen Medien st\u00e4ndig nachgeplapperte Engf\u00fchrung der umfassenden \u00f6kologischen Krise auf CO2 durch die Windkraft-Protagonisten und ihre Unterst\u00fctzer, die dar\u00fcber hinaus auch noch faktisch hinsichtlich &#8222;Einsparung&#8220; und &#8222;Versorgung&#8220; fragw\u00fcrdig ist, k\u00f6nnte besser nicht belegt sein.<\/p>\n\n\n\n<p class=\"has-small-font-size\">Geduld &#8211; dieser Beitrag wird mit weiteren Bildern und Entwicklungen speziell im Schwarzwald erg\u00e4nzt&#8230;Grunds\u00e4tzliches finden Sie <a href=\"http:\/\/wolfgangepplenaturschutzundethik.de\/?page_id=86\">hier<\/a>&#8230;<\/p>\n\n\n\n<p><\/p>\n","protected":false},"excerpt":{"rendered":"<p>Glauben die Verantwortlichen der Windkraft-Unterst\u00fctzungsparteien im Ernst, alle Menschen dieser Republik seien k\u00e4uflich, und man k\u00f6nne die &#8222;Akzeptanz&#8220; f\u00fcr Windkraftindustrie selbst in sch\u00f6nster Natur steigern &hellip; <\/p>\n","protected":false},"author":1,"featured_media":0,"comment_status":"closed","ping_status":"closed","sticky":false,"template":"","format":"standard","meta":{"om_disable_all_campaigns":false,"_monsterinsights_skip_tracking":false,"_monsterinsights_sitenote_active":false,"_monsterinsights_sitenote_note":"","_monsterinsights_sitenote_category":0,"footnotes":""},"categories":[1],"tags":[],"class_list":["post-2567","post","type-post","status-publish","format-standard","hentry","category-uncategorized"],"aioseo_notices":[],"_links":{"self":[{"href":"https:\/\/wolfgangepplenaturschutzundethik.de\/index.php?rest_route=\/wp\/v2\/posts\/2567"}],"collection":[{"href":"https:\/\/wolfgangepplenaturschutzundethik.de\/index.php?rest_route=\/wp\/v2\/posts"}],"about":[{"href":"https:\/\/wolfgangepplenaturschutzundethik.de\/index.php?rest_route=\/wp\/v2\/types\/post"}],"author":[{"embeddable":true,"href":"https:\/\/wolfgangepplenaturschutzundethik.de\/index.php?rest_route=\/wp\/v2\/users\/1"}],"replies":[{"embeddable":true,"href":"https:\/\/wolfgangepplenaturschutzundethik.de\/index.php?rest_route=%2Fwp%2Fv2%2Fcomments&post=2567"}],"version-history":[{"count":38,"href":"https:\/\/wolfgangepplenaturschutzundethik.de\/index.php?rest_route=\/wp\/v2\/posts\/2567\/revisions"}],"predecessor-version":[{"id":5523,"href":"https:\/\/wolfgangepplenaturschutzundethik.de\/index.php?rest_route=\/wp\/v2\/posts\/2567\/revisions\/5523"}],"wp:attachment":[{"href":"https:\/\/wolfgangepplenaturschutzundethik.de\/index.php?rest_route=%2Fwp%2Fv2%2Fmedia&parent=2567"}],"wp:term":[{"taxonomy":"category","embeddable":true,"href":"https:\/\/wolfgangepplenaturschutzundethik.de\/index.php?rest_route=%2Fwp%2Fv2%2Fcategories&post=2567"},{"taxonomy":"post_tag","embeddable":true,"href":"https:\/\/wolfgangepplenaturschutzundethik.de\/index.php?rest_route=%2Fwp%2Fv2%2Ftags&post=2567"}],"curies":[{"name":"wp","href":"https:\/\/api.w.org\/{rel}","templated":true}]}}