{"id":3937,"date":"2021-04-16T08:03:00","date_gmt":"2021-04-16T08:03:00","guid":{"rendered":"https:\/\/wolfgangepplenaturschutzundethik.de\/?p=3937"},"modified":"2021-06-10T09:22:59","modified_gmt":"2021-06-10T09:22:59","slug":"die-sammelklage-der-wildtiere","status":"publish","type":"post","link":"https:\/\/wolfgangepplenaturschutzundethik.de\/?p=3937","title":{"rendered":"Die Sammelklage der Wildtiere"},"content":{"rendered":"\n<p style=\"font-size:25px\"><strong>Eine Geschichte aus der Zukunft<\/strong><\/p>\n\n\n\n<p>Passend zu den zeitlos aktuellen und letztlich deprimierenden Betrachtungen \u00fcber den<a href=\"https:\/\/wolfgangepplenaturschutzundethik.de\/?page_id=1207\"> <strong>Schutz von Arten im Interessenkonflikt<\/strong> <\/a>hier mein kurzer Artikel aus dem <a href=\"https:\/\/naturschutz-initiative.de\/images\/PDF2019\/2019NaturschutzMagazin1.pdf\">Naturschutz Magazin 01\/2019 der NI e.V. <\/a>:<\/p>\n\n\n\n<div class=\"wp-block-file\"><a href=\"https:\/\/wolfgangepplenaturschutzundethik.de\/wp-content\/uploads\/2021\/04\/NM-Artikel-Epple-Sammelklage-Wildtiere-1-2.pdf\"><strong>Die Sammelklage der Wildtiere vor dem Europ\u00e4ischen Gerichtshof f\u00fcr Tierrechte <\/strong><\/a><a href=\"https:\/\/wolfgangepplenaturschutzundethik.de\/wp-content\/uploads\/2021\/04\/NM-Artikel-Epple-Sammelklage-Wildtiere-1-2.pdf\" class=\"wp-block-file__button\" download>Herunterladen<\/a><\/div>\n\n\n\n<p>Auch dann, wenn eine solche Klage, die treuh\u00e4nderisch von Menschen vertreten werden m\u00fcsste, heute noch reine Utopie ist, zeigt ein solcher Blick in die Zukunft, was m\u00f6glich w\u00e4re nach der <strong>Sprengung des anthropozentrischen Denkrahmens und einer <a href=\"https:\/\/wolfgangepplenaturschutzundethik.de\/?page_id=2434\">Erweiterung der Ethik des Naturschutzes<\/a>.<\/strong><\/p>\n\n\n\n<figure class=\"wp-block-image size-large\"><img loading=\"lazy\" decoding=\"async\" width=\"1024\" height=\"681\" src=\"https:\/\/wolfgangepplenaturschutzundethik.de\/wp-content\/uploads\/2021\/04\/Mit_Bleischrot_erschossene_Blessgans-1024x681.jpg\" alt=\"Mit_Bleischrot_erschossene_Blessgans.JPG\" class=\"wp-image-3955\" srcset=\"https:\/\/wolfgangepplenaturschutzundethik.de\/wp-content\/uploads\/2021\/04\/Mit_Bleischrot_erschossene_Blessgans-1024x681.jpg 1024w, https:\/\/wolfgangepplenaturschutzundethik.de\/wp-content\/uploads\/2021\/04\/Mit_Bleischrot_erschossene_Blessgans-300x199.jpg 300w, https:\/\/wolfgangepplenaturschutzundethik.de\/wp-content\/uploads\/2021\/04\/Mit_Bleischrot_erschossene_Blessgans-768x511.jpg 768w, https:\/\/wolfgangepplenaturschutzundethik.de\/wp-content\/uploads\/2021\/04\/Mit_Bleischrot_erschossene_Blessgans-1536x1021.jpg 1536w, https:\/\/wolfgangepplenaturschutzundethik.de\/wp-content\/uploads\/2021\/04\/Mit_Bleischrot_erschossene_Blessgans-2048x1362.jpg 2048w, https:\/\/wolfgangepplenaturschutzundethik.de\/wp-content\/uploads\/2021\/04\/Mit_Bleischrot_erschossene_Blessgans-700x465.jpg 700w\" sizes=\"(max-width: 1024px) 100vw, 1024px\" \/><figcaption>Mit Bleischrot erschossene Blessgans. Foto: Eilert Vo\u00df<\/figcaption><\/figure>\n\n\n\n<p>Die get\u00f6tete Blessgans steht f\u00fcr die Realit\u00e4t f\u00fcr Individuen von Arten, die in Deutschland in Konflikt mit Nutzungsinteressen des Menschen geraten.<\/p>\n\n\n\n<figure class=\"wp-block-image size-large\"><img loading=\"lazy\" decoding=\"async\" width=\"703\" height=\"508\" src=\"https:\/\/wolfgangepplenaturschutzundethik.de\/wp-content\/uploads\/2021\/04\/Bild-16.04.21-um-09.18.jpg\" alt=\"\" class=\"wp-image-3956\" srcset=\"https:\/\/wolfgangepplenaturschutzundethik.de\/wp-content\/uploads\/2021\/04\/Bild-16.04.21-um-09.18.jpg 703w, https:\/\/wolfgangepplenaturschutzundethik.de\/wp-content\/uploads\/2021\/04\/Bild-16.04.21-um-09.18-300x217.jpg 300w\" sizes=\"(max-width: 703px) 100vw, 703px\" \/><figcaption>Bestgehasst und <a href=\"https:\/\/wolfgangepplenaturschutzundethik.de\/?page_id=1207\">vielfach verkannt: Der Rotfuchs.<\/a> Foto: Eilert Vo\u00df.  F\u00fcchse generell als &#8222;Sch\u00e4dlinge&#8220; zu brandmarken, ist unter keinem Aspekt,<a href=\"https:\/\/wolfgangepplenaturschutzundethik.de\/?page_id=2839\"> auch nicht unter dem Aspekt des &#8222;Artenausgleiches&#8220;<\/a> zu rechtfertigen.<\/figcaption><\/figure>\n\n\n\n<p>Auszug aus meiner kleinen Geschichte aus der Zukunft;&#8230; was sich gegen Ende der Anh\u00f6rung vor dem Gerichtshof zutrug:<\/p>\n\n\n\n<p class=\"has-vivid-red-color has-text-color\"><em>\u201eNur weil ich Fuchs bin, bin ich also schon schuldig, wenn ich zur Welt komme?\u201c<\/em><\/p>\n\n\n\n<p>Das Statement des Fuchses, der seinen gro\u00dfen Vetter Wolf assistierte, machte den Berichterstatter besonders nachdenklich. Denn es war klar: Das h\u00e4tte jeder der Beteiligten vorbringen k\u00f6nnen. Das kleine flinke Mauswiesel wollte nicht \u00fcbersehen werden und hakte nach:<\/p>\n\n\n\n<p class=\"has-vivid-red-color has-text-color\">\u201e<em>Winzig wie ich bin, flink, wie ich in die Baue der W\u00fchlm\u00e4use eindringe, auch mal eine Singvogelbrut vertilge und damit tue, was Gott mir aufgetragen hat \u2013 gibt es einen Grund, mich zu fangen und tot zu schlagen?\u201c<\/em><\/p>\n\n\n\n<p>Die <a href=\"https:\/\/www.jagdverband.de\/jagd-und-wildunfallstatistik\"><strong>Jagdstrecke  f\u00fcr &#8222;Wiesel&#8220; und F\u00fcchse in Deutschland<\/strong> nach Ver\u00f6ffentlichung des Deutschen Jagdverbandes (DJV):<\/a><\/p>\n\n\n\n<p><a href=\"https:\/\/www.jagdverband.de\/jagd-und-wildunfallstatistik\"> <\/a>4618 get\u00f6tete Wiesel im Jagdjahr 2019\/2020<\/p>\n\n\n\n<p>3247 get\u00f6tete Wiesel im Jagdjahr 2018\/2019<\/p>\n\n\n\n<p>454084 get\u00f6tete F\u00fcchse im Jagdjahr 2019\/2020<\/p>\n\n\n\n<p>422209 get\u00f6tete F\u00fcchse im Jagdjahr 2018\/2019<\/p>\n\n\n\n<p><\/p>\n\n\n\n<p>Nicht nur die immer schon gehassten und verfolgten Beutegreifer, sondern auch die Pflanzenfresser unter den Wildtieren haben Grund, Klage zu f\u00fchren, wenn sie als &#8222;Sch\u00e4dlinge&#8220; verp\u00f6nt werden:<\/p>\n\n\n\n<figure class=\"wp-block-video\"><video controls src=\"https:\/\/wolfgangepplenaturschutzundethik.de\/wp-content\/uploads\/2021\/04\/2de34de9-17c1-47ac-884e-15de679a8143.mp4\"><\/video><figcaption>Ein Reh nascht im Winter an einer Tanne. Schaden f\u00fcr die Natur? Grund f\u00fcr eine Anklage und Verurteilung? <br>Video: Wolfgang Epple<\/figcaption><\/figure>\n\n\n\n<figure class=\"wp-block-image size-large\"><img loading=\"lazy\" decoding=\"async\" width=\"1024\" height=\"680\" src=\"https:\/\/wolfgangepplenaturschutzundethik.de\/wp-content\/uploads\/2021\/06\/DSC_7364-1024x680.jpg\" alt=\"\" class=\"wp-image-4179\" srcset=\"https:\/\/wolfgangepplenaturschutzundethik.de\/wp-content\/uploads\/2021\/06\/DSC_7364-1024x680.jpg 1024w, https:\/\/wolfgangepplenaturschutzundethik.de\/wp-content\/uploads\/2021\/06\/DSC_7364-300x199.jpg 300w, https:\/\/wolfgangepplenaturschutzundethik.de\/wp-content\/uploads\/2021\/06\/DSC_7364-768x510.jpg 768w, https:\/\/wolfgangepplenaturschutzundethik.de\/wp-content\/uploads\/2021\/06\/DSC_7364-1536x1020.jpg 1536w, https:\/\/wolfgangepplenaturschutzundethik.de\/wp-content\/uploads\/2021\/06\/DSC_7364-2048x1360.jpg 2048w, https:\/\/wolfgangepplenaturschutzundethik.de\/wp-content\/uploads\/2021\/06\/DSC_7364-700x465.jpg 700w\" sizes=\"(max-width: 1024px) 100vw, 1024px\" \/><figcaption>Rehe sind wie ihre gro\u00dfen Verwandten, die Rothirsche, keine Waldsch\u00e4dlinge.<br>Das Dogma &#8222;Wald vor Wild&#8220; ist nutzenorientiert und verfehlt die komplexe \u00f6kologische Realit\u00e4t. <strong>In naturnahen W\u00e4ldern und vielseitiger Landschaft sind gro\u00dfe Pflanzenfresser keine Sch\u00e4dlinge f\u00fcr die Natur.<\/strong> Hierzu <a href=\"https:\/\/naturschutz-initiative.de\/images\/PDF2019\/2019NaturschutzMagazin1.pdf\">weiterf\u00fchrende Artikel hier<\/a>. Ganzheitlicher Naturschutz formuliert: &#8222;Wald <strong>und<\/strong> Wild&#8220;. Beides geh\u00f6rt zusammen. Im Sommer finden Rehe auf Offenland in Waldn\u00e4he Futter: Wenig ged\u00fcngte, erst ab Mitte Juni gem\u00e4hte und damit kr\u00e4uterreiche Wiesen sind besonders wertvoll f\u00fcr die Ern\u00e4hrung. Sie bieten dar\u00fcber hinaus Lebensraum f\u00fcr eine Vielzahl von Insekten und V\u00f6geln. Foto: Wolfgang Epple<\/figcaption><\/figure>\n\n\n\n<p>Es gilt f\u00fcr die gro\u00dfen Pflanzenfresser wie f\u00fcr die Anklage der Wildg\u00e4nse, Biber oder Wildschweine: <\/p>\n\n\n\n<p style=\"font-size:23px\">Wildtiere ben\u00f6tigen auf dieser Erde ausreichend Platz zum Leben! Sie ben\u00f6tigen Respekt vor ihrer Daseinsberechtigung.<\/p>\n\n\n\n<p>Das ist der tiefere Grund f\u00fcr ihre &#8211; noch immer utopische &#8211;  Sammelklage.<\/p>\n\n\n\n<p style=\"font-size:23px\"><strong>Nahrungsfl\u00e4chen und gen\u00fcgend gro\u00dfe Lebensr\u00e4ume f\u00fcr Wildtiere sind gerade dann, wenn sie durch menschliche Nutzung und f\u00fcr den Menschen ebenso attraktiv sind, Nagelprobe f\u00fcr das <a href=\"https:\/\/wolfgangepplenaturschutzundethik.de\/?page_id=91\">gerechte Teilen der Erde<\/a><\/strong>. Ganzheitlicher Naturschutz verlangt nach Toleranz und der Suche nach Interessenausgleich. Im Rahmen der dem Menschen <a href=\"https:\/\/wolfgangepplenaturschutzundethik.de\/?page_id=2434\">unter ganzheitlich ethischen Gesichtspunkten <\/a>erlaubten Notwehr gibt es so gut wie immer weitgehend gewaltlose Methoden, Sch\u00e4den im weitesten Sinne abzuwehren, vorzubeugen oder ganz zu vermeiden. Notwehr ist immer existenziell begr\u00fcndet. Notwehr-Ma\u00dfnahmen aber sind nicht fraglos &#8211; f\u00fcr sie g\u00e4lte im besten Falle die Anforderung einer <a href=\"https:\/\/wolfgangepplenaturschutzundethik.de\/?page_id=2434\">Umkehr der Beweislast.<\/a><\/p>\n\n\n\n<p><\/p>\n\n\n\n<p><\/p>\n\n\n\n<p><\/p>\n\n\n\n<p><\/p>\n","protected":false},"excerpt":{"rendered":"<p>Eine Geschichte aus der Zukunft Passend zu den zeitlos aktuellen und letztlich deprimierenden Betrachtungen \u00fcber den Schutz von Arten im Interessenkonflikt hier mein kurzer Artikel &hellip; <\/p>\n","protected":false},"author":1,"featured_media":0,"comment_status":"closed","ping_status":"closed","sticky":false,"template":"","format":"standard","meta":{"om_disable_all_campaigns":false,"_monsterinsights_skip_tracking":false,"_monsterinsights_sitenote_active":false,"_monsterinsights_sitenote_note":"","_monsterinsights_sitenote_category":0,"footnotes":""},"categories":[1],"tags":[],"class_list":["post-3937","post","type-post","status-publish","format-standard","hentry","category-uncategorized"],"aioseo_notices":[],"_links":{"self":[{"href":"https:\/\/wolfgangepplenaturschutzundethik.de\/index.php?rest_route=\/wp\/v2\/posts\/3937"}],"collection":[{"href":"https:\/\/wolfgangepplenaturschutzundethik.de\/index.php?rest_route=\/wp\/v2\/posts"}],"about":[{"href":"https:\/\/wolfgangepplenaturschutzundethik.de\/index.php?rest_route=\/wp\/v2\/types\/post"}],"author":[{"embeddable":true,"href":"https:\/\/wolfgangepplenaturschutzundethik.de\/index.php?rest_route=\/wp\/v2\/users\/1"}],"replies":[{"embeddable":true,"href":"https:\/\/wolfgangepplenaturschutzundethik.de\/index.php?rest_route=%2Fwp%2Fv2%2Fcomments&post=3937"}],"version-history":[{"count":32,"href":"https:\/\/wolfgangepplenaturschutzundethik.de\/index.php?rest_route=\/wp\/v2\/posts\/3937\/revisions"}],"predecessor-version":[{"id":4218,"href":"https:\/\/wolfgangepplenaturschutzundethik.de\/index.php?rest_route=\/wp\/v2\/posts\/3937\/revisions\/4218"}],"wp:attachment":[{"href":"https:\/\/wolfgangepplenaturschutzundethik.de\/index.php?rest_route=%2Fwp%2Fv2%2Fmedia&parent=3937"}],"wp:term":[{"taxonomy":"category","embeddable":true,"href":"https:\/\/wolfgangepplenaturschutzundethik.de\/index.php?rest_route=%2Fwp%2Fv2%2Fcategories&post=3937"},{"taxonomy":"post_tag","embeddable":true,"href":"https:\/\/wolfgangepplenaturschutzundethik.de\/index.php?rest_route=%2Fwp%2Fv2%2Ftags&post=3937"}],"curies":[{"name":"wp","href":"https:\/\/api.w.org\/{rel}","templated":true}]}}