{"id":6813,"date":"2025-04-09T17:32:44","date_gmt":"2025-04-09T17:32:44","guid":{"rendered":"https:\/\/wolfgangepplenaturschutzundethik.de\/?p=6813"},"modified":"2025-04-09T18:01:48","modified_gmt":"2025-04-09T18:01:48","slug":"naturzerstoerende-windkraft-monster-projekt-entsteht-in-estland","status":"publish","type":"post","link":"https:\/\/wolfgangepplenaturschutzundethik.de\/?p=6813","title":{"rendered":"Naturzerst\u00f6rende Windkraft: Monster-Projekt entsteht in Estland"},"content":{"rendered":"\n<p><\/p>\n\n\n\n<p>09.April 2025<\/p>\n\n\n\n<p><strong>Mit diesem Beitrag m\u00f6chte ich meine Zuschauer darauf aufmerksam machen, welch kolossale <a href=\"https:\/\/wolfgangepplenaturschutzundethik.de\/?page_id=86\" title=\"\">Naturzerst\u00f6rung die Windkraftindustrie<\/a> in Begleitung von Photovoltaik in wertvollen Fl\u00e4chen in Estland anrichtet. <\/strong><\/p>\n\n\n\n<p>Von den dortigen Naturfreunden, die mit <a href=\"https:\/\/www.youtube.com\/watch?v=tUaPfHsv2Ks&amp;list=LL\" title=\"\">Wildkameras unter anderem Schwarzst\u00f6rche<\/a> beobachten (siehe unten, ganz zum Schluss des Beitrages, habe ich diesen Link bekommen: <\/p>\n\n\n\n<p><a href=\"https:\/\/www.eib.org\/de\/stories\/estonia-wind-farm-green-electricity-energy-independence-economy \">https:\/\/www.eib.org\/de\/stories\/estonia-wind-farm-green-electricity-energy-independence-economy <\/a><\/p>\n\n\n\n<p>Hier der Link zu einem von mir recherchierten &#8222;Werbefilm&#8220;, der das ersch\u00fctternde Ausma\u00df vermittelt:<\/p>\n\n\n\n<p> <a href=\"https:\/\/www.youtube.com\/watch?v=L6MHTeU1TBQ&amp;pp=0gcJCR0AztywvtLA\">https:\/\/www.youtube.com\/watch?v=L6MHTeU1TBQ<\/a><\/p>\n\n\n\n<p>Ich habe auch <strong>in <a href=\"https:\/\/www.youtube.com\/channel\/UCBJTveRx7XQsSIsktzca1Ug\/community?lb=Ugkxbux5QnaInwxQDf3Ivo9LmneymmRsYXYZ\" title=\"\">meinem YouTube-Kanal <\/a><\/strong>einen kurzen Beitrag zu diesem Projekt gepostet (dort unter &#8222;Beitr\u00e4ge&#8220;):<\/p>\n\n\n\n<p><\/p>\n\n\n\n<p>Diese Screenshots aus Werbefilmen f\u00fcr das Projekt seien mit meinen Kommentaren beigef\u00fcgt:<\/p>\n\n\n\n<figure class=\"wp-block-image size-large\"><img loading=\"lazy\" decoding=\"async\" width=\"968\" height=\"1024\" src=\"https:\/\/wolfgangepplenaturschutzundethik.de\/wp-content\/uploads\/2025\/04\/IMG_6366-968x1024.jpeg\" alt=\"\" class=\"wp-image-6814\" srcset=\"https:\/\/wolfgangepplenaturschutzundethik.de\/wp-content\/uploads\/2025\/04\/IMG_6366-968x1024.jpeg 968w, https:\/\/wolfgangepplenaturschutzundethik.de\/wp-content\/uploads\/2025\/04\/IMG_6366-284x300.jpeg 284w, https:\/\/wolfgangepplenaturschutzundethik.de\/wp-content\/uploads\/2025\/04\/IMG_6366-768x813.jpeg 768w, https:\/\/wolfgangepplenaturschutzundethik.de\/wp-content\/uploads\/2025\/04\/IMG_6366.jpeg 1206w\" sizes=\"(max-width: 968px) 100vw, 968px\" \/><figcaption class=\"wp-element-caption\">Screenshot<\/figcaption><\/figure>\n\n\n\n<p><\/p>\n\n\n\n<figure class=\"wp-block-image size-large\"><img loading=\"lazy\" decoding=\"async\" width=\"790\" height=\"1024\" src=\"https:\/\/wolfgangepplenaturschutzundethik.de\/wp-content\/uploads\/2025\/04\/IMG_6375-790x1024.jpeg\" alt=\"\" class=\"wp-image-6815\" srcset=\"https:\/\/wolfgangepplenaturschutzundethik.de\/wp-content\/uploads\/2025\/04\/IMG_6375-790x1024.jpeg 790w, https:\/\/wolfgangepplenaturschutzundethik.de\/wp-content\/uploads\/2025\/04\/IMG_6375-231x300.jpeg 231w, https:\/\/wolfgangepplenaturschutzundethik.de\/wp-content\/uploads\/2025\/04\/IMG_6375-768x996.jpeg 768w, https:\/\/wolfgangepplenaturschutzundethik.de\/wp-content\/uploads\/2025\/04\/IMG_6375-1184x1536.jpeg 1184w, https:\/\/wolfgangepplenaturschutzundethik.de\/wp-content\/uploads\/2025\/04\/IMG_6375.jpeg 1206w\" sizes=\"(max-width: 790px) 100vw, 790px\" \/><figcaption class=\"wp-element-caption\">Screenshot<\/figcaption><\/figure>\n\n\n\n<p>W\u00fcrde der europ\u00e4ische Naturschutz mit seinen Richtlinien (Vogelschutz-RL und Fauna-Flora-Habitat-RL) noch ernsthaft ber\u00fccksichtigt, k\u00f6nnten solche Vers\u00fcndigungen an der Natur auch im Baltikum, in dem das h\u00f6herrangige Europ\u00e4ische Naturschutz-Recht nicht au\u00dfer Kraft ist, nicht genehmigt werden.<\/p>\n\n\n\n<p>Das monstr\u00f6se Windindustriegebiet &#8211; gepaart mit fl\u00e4chenfressender Photovoltaik &#8211; wird in der ersten <a href=\"https:\/\/www.eib.org\/de\/stories\/estonia-wind-farm-green-electricity-energy-independence-economy\" title=\"\">erw\u00e4hnten Homepage der Europ\u00e4ischen Investitionsbank<\/a> mit der auch in Deutschland \u00fcblichen Propaganda beworben.<\/p>\n\n\n\n<p> <strong>Einige Screenshots<\/strong> <strong>aus der Homepage der EIB:<\/strong><\/p>\n\n\n\n<figure class=\"wp-block-image size-large\"><img loading=\"lazy\" decoding=\"async\" width=\"602\" height=\"1024\" src=\"https:\/\/wolfgangepplenaturschutzundethik.de\/wp-content\/uploads\/2025\/04\/IMG_6353-602x1024.jpeg\" alt=\"\" class=\"wp-image-6816\" srcset=\"https:\/\/wolfgangepplenaturschutzundethik.de\/wp-content\/uploads\/2025\/04\/IMG_6353-602x1024.jpeg 602w, https:\/\/wolfgangepplenaturschutzundethik.de\/wp-content\/uploads\/2025\/04\/IMG_6353-176x300.jpeg 176w, https:\/\/wolfgangepplenaturschutzundethik.de\/wp-content\/uploads\/2025\/04\/IMG_6353-768x1307.jpeg 768w, https:\/\/wolfgangepplenaturschutzundethik.de\/wp-content\/uploads\/2025\/04\/IMG_6353-903x1536.jpeg 903w, https:\/\/wolfgangepplenaturschutzundethik.de\/wp-content\/uploads\/2025\/04\/IMG_6353-1204x2048.jpeg 1204w, https:\/\/wolfgangepplenaturschutzundethik.de\/wp-content\/uploads\/2025\/04\/IMG_6353.jpeg 1206w\" sizes=\"(max-width: 602px) 100vw, 602px\" \/><figcaption class=\"wp-element-caption\">Screenshot<\/figcaption><\/figure>\n\n\n\n<figure class=\"wp-block-image size-large\"><img loading=\"lazy\" decoding=\"async\" width=\"576\" height=\"1024\" src=\"https:\/\/wolfgangepplenaturschutzundethik.de\/wp-content\/uploads\/2025\/04\/IMG_6357-576x1024.jpeg\" alt=\"\" class=\"wp-image-6817\" srcset=\"https:\/\/wolfgangepplenaturschutzundethik.de\/wp-content\/uploads\/2025\/04\/IMG_6357-576x1024.jpeg 576w, https:\/\/wolfgangepplenaturschutzundethik.de\/wp-content\/uploads\/2025\/04\/IMG_6357-169x300.jpeg 169w, https:\/\/wolfgangepplenaturschutzundethik.de\/wp-content\/uploads\/2025\/04\/IMG_6357-768x1365.jpeg 768w, https:\/\/wolfgangepplenaturschutzundethik.de\/wp-content\/uploads\/2025\/04\/IMG_6357-864x1536.jpeg 864w, https:\/\/wolfgangepplenaturschutzundethik.de\/wp-content\/uploads\/2025\/04\/IMG_6357-1153x2048.jpeg 1153w, https:\/\/wolfgangepplenaturschutzundethik.de\/wp-content\/uploads\/2025\/04\/IMG_6357.jpeg 1206w\" sizes=\"(max-width: 576px) 100vw, 576px\" \/><figcaption class=\"wp-element-caption\">Screenshot<\/figcaption><\/figure>\n\n\n\n<p><strong>Das Narrativ von der Reaktion auf den Ukrainekrieg und &#8222;Unabh\u00e4ngigkeit von \u00d6l und Gas&#8220; wird bem\u00fcht:<\/strong><\/p>\n\n\n\n<figure class=\"wp-block-image size-large\"><img loading=\"lazy\" decoding=\"async\" width=\"534\" height=\"1024\" src=\"https:\/\/wolfgangepplenaturschutzundethik.de\/wp-content\/uploads\/2025\/04\/IMG_6358-534x1024.jpeg\" alt=\"\" class=\"wp-image-6818\" srcset=\"https:\/\/wolfgangepplenaturschutzundethik.de\/wp-content\/uploads\/2025\/04\/IMG_6358-534x1024.jpeg 534w, https:\/\/wolfgangepplenaturschutzundethik.de\/wp-content\/uploads\/2025\/04\/IMG_6358-157x300.jpeg 157w, https:\/\/wolfgangepplenaturschutzundethik.de\/wp-content\/uploads\/2025\/04\/IMG_6358-768x1472.jpeg 768w, https:\/\/wolfgangepplenaturschutzundethik.de\/wp-content\/uploads\/2025\/04\/IMG_6358-802x1536.jpeg 802w, https:\/\/wolfgangepplenaturschutzundethik.de\/wp-content\/uploads\/2025\/04\/IMG_6358-1069x2048.jpeg 1069w, https:\/\/wolfgangepplenaturschutzundethik.de\/wp-content\/uploads\/2025\/04\/IMG_6358.jpeg 1206w\" sizes=\"(max-width: 534px) 100vw, 534px\" \/><figcaption class=\"wp-element-caption\">Screenshot<\/figcaption><\/figure>\n\n\n\n<figure class=\"wp-block-image size-large\"><img loading=\"lazy\" decoding=\"async\" width=\"607\" height=\"1024\" src=\"https:\/\/wolfgangepplenaturschutzundethik.de\/wp-content\/uploads\/2025\/04\/IMG_6356-607x1024.jpeg\" alt=\"\" class=\"wp-image-6819\" srcset=\"https:\/\/wolfgangepplenaturschutzundethik.de\/wp-content\/uploads\/2025\/04\/IMG_6356-607x1024.jpeg 607w, https:\/\/wolfgangepplenaturschutzundethik.de\/wp-content\/uploads\/2025\/04\/IMG_6356-178x300.jpeg 178w, https:\/\/wolfgangepplenaturschutzundethik.de\/wp-content\/uploads\/2025\/04\/IMG_6356-768x1295.jpeg 768w, https:\/\/wolfgangepplenaturschutzundethik.de\/wp-content\/uploads\/2025\/04\/IMG_6356-911x1536.jpeg 911w, https:\/\/wolfgangepplenaturschutzundethik.de\/wp-content\/uploads\/2025\/04\/IMG_6356.jpeg 1206w\" sizes=\"(max-width: 607px) 100vw, 607px\" \/><figcaption class=\"wp-element-caption\">Screenshot<\/figcaption><\/figure>\n\n\n\n<figure class=\"wp-block-image size-large\"><img loading=\"lazy\" decoding=\"async\" width=\"545\" height=\"1024\" src=\"https:\/\/wolfgangepplenaturschutzundethik.de\/wp-content\/uploads\/2025\/04\/IMG_6355-545x1024.jpeg\" alt=\"\" class=\"wp-image-6820\" srcset=\"https:\/\/wolfgangepplenaturschutzundethik.de\/wp-content\/uploads\/2025\/04\/IMG_6355-545x1024.jpeg 545w, https:\/\/wolfgangepplenaturschutzundethik.de\/wp-content\/uploads\/2025\/04\/IMG_6355-160x300.jpeg 160w, https:\/\/wolfgangepplenaturschutzundethik.de\/wp-content\/uploads\/2025\/04\/IMG_6355-768x1442.jpeg 768w, https:\/\/wolfgangepplenaturschutzundethik.de\/wp-content\/uploads\/2025\/04\/IMG_6355-818x1536.jpeg 818w, https:\/\/wolfgangepplenaturschutzundethik.de\/wp-content\/uploads\/2025\/04\/IMG_6355-1090x2048.jpeg 1090w, https:\/\/wolfgangepplenaturschutzundethik.de\/wp-content\/uploads\/2025\/04\/IMG_6355.jpeg 1206w\" sizes=\"(max-width: 545px) 100vw, 545px\" \/><figcaption class=\"wp-element-caption\">Screenshot<\/figcaption><\/figure>\n\n\n\n<p><strong>Genau wie in Deutschland  &#8211; die Betroffenen werden gekauft:<\/strong><\/p>\n\n\n\n<figure class=\"wp-block-image size-large\"><img loading=\"lazy\" decoding=\"async\" width=\"550\" height=\"1024\" src=\"https:\/\/wolfgangepplenaturschutzundethik.de\/wp-content\/uploads\/2025\/04\/IMG_6359-550x1024.jpeg\" alt=\"\" class=\"wp-image-6821\" srcset=\"https:\/\/wolfgangepplenaturschutzundethik.de\/wp-content\/uploads\/2025\/04\/IMG_6359-550x1024.jpeg 550w, https:\/\/wolfgangepplenaturschutzundethik.de\/wp-content\/uploads\/2025\/04\/IMG_6359-161x300.jpeg 161w, https:\/\/wolfgangepplenaturschutzundethik.de\/wp-content\/uploads\/2025\/04\/IMG_6359-768x1431.jpeg 768w, https:\/\/wolfgangepplenaturschutzundethik.de\/wp-content\/uploads\/2025\/04\/IMG_6359-824x1536.jpeg 824w, https:\/\/wolfgangepplenaturschutzundethik.de\/wp-content\/uploads\/2025\/04\/IMG_6359-1099x2048.jpeg 1099w, https:\/\/wolfgangepplenaturschutzundethik.de\/wp-content\/uploads\/2025\/04\/IMG_6359.jpeg 1206w\" sizes=\"(max-width: 550px) 100vw, 550px\" \/><figcaption class=\"wp-element-caption\">Screenshot<\/figcaption><\/figure>\n\n\n\n<figure class=\"wp-block-image size-large\"><img loading=\"lazy\" decoding=\"async\" width=\"818\" height=\"1024\" src=\"https:\/\/wolfgangepplenaturschutzundethik.de\/wp-content\/uploads\/2025\/04\/IMG_6360-818x1024.jpeg\" alt=\"\" class=\"wp-image-6822\" srcset=\"https:\/\/wolfgangepplenaturschutzundethik.de\/wp-content\/uploads\/2025\/04\/IMG_6360-818x1024.jpeg 818w, https:\/\/wolfgangepplenaturschutzundethik.de\/wp-content\/uploads\/2025\/04\/IMG_6360-240x300.jpeg 240w, https:\/\/wolfgangepplenaturschutzundethik.de\/wp-content\/uploads\/2025\/04\/IMG_6360-768x962.jpeg 768w, https:\/\/wolfgangepplenaturschutzundethik.de\/wp-content\/uploads\/2025\/04\/IMG_6360.jpeg 1206w\" sizes=\"(max-width: 818px) 100vw, 818px\" \/><figcaption class=\"wp-element-caption\">Screenshot<\/figcaption><\/figure>\n\n\n\n<p><strong>Die Windkraftindustrie kann in ganz Europa offensichtlich nicht mehr gestoppt werden.<\/strong><\/p>\n\n\n\n<p>Verantwortlich hierf\u00fcr ist insbesondere die Politik der Kommission, namentlich unter der F\u00fchrung Deutschlands.<\/p>\n\n\n\n<p>Dr. Ursula von der Leyen (CDU) entpuppt sich als zentrale Schl\u00fcsselfigur der Zertr\u00fcmmerung des Naturschutzes, auch und gerade im Hinblick auf die zuk\u00fcnftige Gewichtung des Artenschutzes im Konfliktfall, und durch die gezielte Aush\u00f6hlung der \u00fcber Jahrzehnte m\u00fchsam erreichten Standards des bisher geltenden Rechtes.<\/p>\n\n\n\n<h4 class=\"wp-block-heading\"><strong>Follow the Money &#8211; Geld macht alles m\u00f6glich<\/strong><\/h4>\n\n\n\n<p>Man wirbt mit der neuen Stra\u00dfe, erlassenen Netzgeb\u00fchren, und dass die Gemeinde eine neue Kita, einen Spielplatz oder Stra\u00dfen bauen und B\u00e4ume pflanzen kann.<\/p>\n\n\n\n<p>Der immense Eingriff oder die M\u00f6glichkeit, an gleicher Stelle der Natur die Chance zu geben, werden nicht kommuniziert.<\/p>\n\n\n\n<p>Sch\u00f6ne neue Erneuerbaren-Energien-Welt.<\/p>\n\n\n\n<p><strong><a href=\"https:\/\/www.youtube.com\/watch?v=tUaPfHsv2Ks&amp;list=LL\" title=\"\">In diesem Video aus Estland, das einen Schwarzstorch-Horst im betroffenen Gebiet begleitet<\/a>, k\u00f6nnen Sie dem Begleittext die Sorgen der Natursch\u00fctzer entnehmen:<\/strong><\/p>\n\n\n\n<p> <em>&#8222;2025 season &#8230;Camera installed in 26.03, but get online only 31.03, when Kergu is supposed to arrive. By the time of installation the nest was slightly renovated by bird of prey, probably Common Buzzard.<\/em><\/p>\n\n\n\n<p><em> <strong>Will a male Black Stork Kergu return to his nest when 38 wind turbines are operating nearby?&#8220;<\/strong><\/em><\/p>\n\n\n\n<p>Es sind die gleichen Sorgen, die sich Natursch\u00fctzer inzwischen zunehmend in ganz Europa um alle windkraftsensiblen Gro\u00dfv\u00f6gel machen, die in den Einflussbereich von zunehmend skrupellos in wertvolle Naturbereiche hineinbetonierten Windindustriegebieten kommen. Offensichtlich winkt den Projektierern und Betreibern das gro\u00dfe Gesch\u00e4ft. <\/p>\n","protected":false},"excerpt":{"rendered":"<p>09.April 2025 Mit diesem Beitrag m\u00f6chte ich meine Zuschauer darauf aufmerksam machen, welch kolossale Naturzerst\u00f6rung die Windkraftindustrie in Begleitung von Photovoltaik in wertvollen Fl\u00e4chen in &hellip; <\/p>\n","protected":false},"author":1,"featured_media":0,"comment_status":"closed","ping_status":"closed","sticky":false,"template":"","format":"standard","meta":{"om_disable_all_campaigns":false,"_monsterinsights_skip_tracking":false,"_monsterinsights_sitenote_active":false,"_monsterinsights_sitenote_note":"","_monsterinsights_sitenote_category":0,"footnotes":""},"categories":[3],"tags":[],"class_list":["post-6813","post","type-post","status-publish","format-standard","hentry","category-aktuelles"],"aioseo_notices":[],"_links":{"self":[{"href":"https:\/\/wolfgangepplenaturschutzundethik.de\/index.php?rest_route=\/wp\/v2\/posts\/6813"}],"collection":[{"href":"https:\/\/wolfgangepplenaturschutzundethik.de\/index.php?rest_route=\/wp\/v2\/posts"}],"about":[{"href":"https:\/\/wolfgangepplenaturschutzundethik.de\/index.php?rest_route=\/wp\/v2\/types\/post"}],"author":[{"embeddable":true,"href":"https:\/\/wolfgangepplenaturschutzundethik.de\/index.php?rest_route=\/wp\/v2\/users\/1"}],"replies":[{"embeddable":true,"href":"https:\/\/wolfgangepplenaturschutzundethik.de\/index.php?rest_route=%2Fwp%2Fv2%2Fcomments&post=6813"}],"version-history":[{"count":3,"href":"https:\/\/wolfgangepplenaturschutzundethik.de\/index.php?rest_route=\/wp\/v2\/posts\/6813\/revisions"}],"predecessor-version":[{"id":6826,"href":"https:\/\/wolfgangepplenaturschutzundethik.de\/index.php?rest_route=\/wp\/v2\/posts\/6813\/revisions\/6826"}],"wp:attachment":[{"href":"https:\/\/wolfgangepplenaturschutzundethik.de\/index.php?rest_route=%2Fwp%2Fv2%2Fmedia&parent=6813"}],"wp:term":[{"taxonomy":"category","embeddable":true,"href":"https:\/\/wolfgangepplenaturschutzundethik.de\/index.php?rest_route=%2Fwp%2Fv2%2Fcategories&post=6813"},{"taxonomy":"post_tag","embeddable":true,"href":"https:\/\/wolfgangepplenaturschutzundethik.de\/index.php?rest_route=%2Fwp%2Fv2%2Ftags&post=6813"}],"curies":[{"name":"wp","href":"https:\/\/api.w.org\/{rel}","templated":true}]}}